{"id":9843,"date":"2022-10-12T10:00:00","date_gmt":"2022-10-12T09:00:00","guid":{"rendered":"https:\/\/www.advocard.de\/streitlotse\/arbeit-und-karriere\/temperatur-am-arbeitsplatz-im-buero-muss-keiner-frieren\/"},"modified":"2022-10-12T10:08:40","modified_gmt":"2022-10-12T09:08:40","slug":"temperatur-am-arbeitsplatz-im-buero-muss-keiner-frieren","status":"publish","type":"post","link":"https:\/\/www.advocard.de\/streitlotse\/arbeit-und-karriere\/temperatur-am-arbeitsplatz-im-buero-muss-keiner-frieren\/","title":{"rendered":"Min\u00addest\u00adtem\u00adpe\u00adra\u00adtur im B\u00fcro: Was am Arbeits\u00adplatz im Winter gilt"},"content":{"rendered":"\n<p>Bei einer zu niedrigen Temperatur am Arbeitsplatz leiden oftmals die Konzentration und das allgemeine Wohlbefinden. Aber haben Mitarbeiter Anspruch&nbsp;auf eine bestimmte Mindesttemperatur im B\u00fcro?<\/p>\n\n\n\n<div class=\"wp-block-image\"><figure class=\"alignright size-full\"><a href=\"https:\/\/www.advocard.de\/info\/arbeit\/\" target=\"_blank\" rel=\"noopener\"><img loading=\"lazy\" decoding=\"async\" width=\"300\" height=\"190\" src=\"https:\/\/www.advocard.de\/streitlotse\/wp-content\/uploads\/2020\/10\/201019_Advocard_Teaser_Arbeit.jpg\" alt=\"Alle Informationen zur Arbeitsrechtsschutz von ADVOCARD\" class=\"wp-image-21290\" title=\"Alle Informationen zur Arbeitsrechtsschutz von ADVOCARD\"><\/a><\/figure><\/div>\n\n\n\n<p><a><\/a><a href=\"https:\/\/www.advocard.de\/berufsrechtsschutz\/\">Dein Chef zeigt sich uneinsichtig? Der Berufs-Rechtsschutz kann helfen. &gt;&gt;<\/a><\/p>\n\n\n\n<h2 class=\"wp-block-heading\">Min\u00addest\u00adtem\u00adpe\u00adra\u00adtur: Wie kalt darf es im B\u00fcro&nbsp;sein?<\/h2>\n\n\n\n<p>Zum Leidwesen aller, die am Arbeitsplatz h\u00e4ufiger mal frieren, ist <strong>gesetzlich nicht eindeutig geregelt<\/strong>, welche Temperatur im B\u00fcro mindestens herrschen muss. Deutliche Anhaltspunkte geben aber die Arbeitsst\u00e4ttenverordnung (ArbSt\u00e4ttVO) und insbesondere die zus\u00e4tzliche Arbeitsst\u00e4ttenregel ASR A3.5 zur Raumtemperatur.<\/p>\n\n\n\n<p><strong>Die Arbeitsst\u00e4ttenregel empfiehlt&nbsp;Mindesttemperaturen f\u00fcr verschiedene T\u00e4tigkeiten<\/strong>. Unterschieden wird dabei nach der \u00fcberwiegenden K\u00f6rperhaltung \u2013 Sitzen oder Stehen und Gehen \u2013 sowie nach der Arbeitsschwere: leicht, mittel oder schwer.<\/p>\n\n\n\n<ul><li>Die Tem\u00adpe\u00adra\u00adtur in einem Raum, in dem vor\u00adwie\u00adgend im Sitzen k\u00f6r\u00adper\u00adlich leichte Arbeit ver\u00adrich\u00adtet wird \u2013 dazu z\u00e4hlen die meisten B\u00fcros \u2013, sollte demnach min\u00addes\u00adtens 20 Grad Celsius betragen.<\/li><li>Bei mit\u00adtel\u00adschwe\u00adrer Arbeit im Stehen und Gehen liegt die minimale Tem\u00adpe\u00adra\u00adtur am Arbeits\u00adplatz dagegen nur bei 17&nbsp;Grad.<\/li><li>Bei schwerer Arbeit muss der Raum maximal 12 Grad warm werden.<\/li><\/ul>\n\n\n\n<p>In Pausen-, Kantinen-, Liege- und Bereitschaftsr\u00e4umen sowie in Sanit\u00e4r- und Sanit\u00e4tsr\u00e4umen soll die Temperatur mindestens 21 Grad Celsius betragen. Sofern in den Sanit\u00e4rr\u00e4umen Duschen vorhanden sind, gilt sogar eine Mindesttemperatur von 24 Grad.<\/p>\n\n\n\n<p><a href=\"https:\/\/www.advocard.de\/streitlotse\/mieten-und-wohnen\/energiekrise-2022-hilfe-und-infos-fuer-verbraucher\/\">Hier beantworten wir weitere rechtliche Fragen rund um die Energiekrise.<\/a><\/p>\n\n\n<div class=\"fazitbox\">\n<div class=\"fazitbox-titel\">INFO<\/div>\n<p><strong>Energiekrise: Regeln 2022\/2023 zu Temperaturen am Arbeitsplatz<\/strong><\/p>\n<p>Im Rahmen der \u201cVerordnung zur Sicherung der Energieversorgung \u00fcber kurzfristig wirksame Ma\u00dfnahmen\u201d (<a href=\"https:\/\/www.gesetze-im-internet.de\/ensikumav\/BJNR144600022.html\">EnSikuMaV<\/a>) wurden f\u00fcr den Herbst und Winter 2022\/2023 zus\u00e4tzliche Regelungen beschlossen. Demnach d\u00fcrfen<strong> Arbeitsr\u00e4ume \u2013 auch B\u00fcros \u2013 in \u00f6ffentlichen Geb\u00e4uden <\/strong>in dieser Zeit je nach T\u00e4tigkeit nur auf eine Temperatur von <strong>maximal 19 Grad <\/strong>Celsius aufgeheizt werden.<\/p>\n<p><strong>Arbeitgeber in der Privatwirtschaft<\/strong> d\u00fcrfen die Temperatur am Arbeitsplatz ebenfalls entsprechend absenken. <a href=\"https:\/\/www.advocard.de\/arbeitgeber-rechtsschutz\/\">Sie sind allerdings nicht dazu verpflichtet<\/a>.<\/p>\n<\/div>\n\n\n<h2 class=\"wp-block-heading\">Frieren im B\u00fcro: Was, wenn es zu kalt&nbsp;ist?<\/h2>\n\n\n\n<p>Die Mindesttemperaturen laut&nbsp;Arbeitsst\u00e4ttenregel&nbsp;sind als Richtlinien f\u00fcr Arbeitgeber zu verstehen und rechtlich nicht verbindlich. Grunds\u00e4tzlich k\u00f6nnen sich Arbeitnehmer jedoch immer auf die <strong>F\u00fcrsorgepflicht <\/strong>des Arbeitgebers gem\u00e4\u00df dem B\u00fcrgerlichen Gesetzbuch (BGB) berufen.<\/p>\n\n\n\n<p>Nach \u00a7 618 Absatz 1 BGB m\u00fcssen Arbeitnehmer so weit wie m\u00f6glich <strong>gegen Gefahren f\u00fcr Leben und Gesundheit gesch\u00fctzt<\/strong> werden. Ist es deutlich zu kalt und droht ein konkretes Gesundheitsrisiko, kannst du vom Arbeitgeber Ma\u00dfnahmen zur Temperaturerh\u00f6hung fordern, zum Beispiel das Aufstellen von Radiatoren. Du darfst der Arbeit jedoch nicht ohne Weiteres mit dem Verweis auf zu niedrige Temperaturen fernbleiben, ohne <a href=\"https:\/\/www.advocard.de\/info\/arbeit\/\">arbeitsrechtliche Konsequenzen<\/a> bef\u00fcrchten zu m\u00fcssen.<\/p>\n\n\n\n<p>Wenn du an einem zu kalten Arbeitsplatz frierst, solltest du das<strong> Gespr\u00e4ch mit deinem Arbeitgeber suchen.<\/strong> Schlie\u00dflich ist es auch in seinem Interesse, dass du deiner Arbeit konzentriert nachgehen kannst und nicht durch die zu kalte Umgebung in deiner T\u00e4tigkeit eingeschr\u00e4nkt bist. Falls du damit keinen Erfolg haben, kannst du dich auch an den&nbsp;<a href=\"https:\/\/www.advocard.de\/streitlotse\/arbeit-und-karriere\/betriebsrat-aufgaben-und-pflichten-der-interessenvertretung\/\">Betriebsrat<\/a>&nbsp;wenden.<\/p>\n\n\n\n<p>Schwangere und stillende Frauen haben zudem laut Mutterschutzgesetz Anspruch auf besonderen Schutz. Hier kann es in extremen F\u00e4llen sogar n\u00f6tig werden, dass der Arbeitgeber sie an einem anderen Ort besch\u00e4ftigt oder von der Arbeit freistellt.<\/p>\n\n\n\n<figure class=\"wp-block-image size-large\"><img loading=\"lazy\" decoding=\"async\" width=\"1024\" height=\"478\" src=\"https:\/\/www.advocard.de\/streitlotse\/wp-content\/uploads\/2016\/01\/Streitlotse-Temperatur-Bu\u0308ro-suravikin-1024x478.jpg\" alt=\"L\u00e4chelnder Bauarbeiter mit Klemmbrett, gelber Warnweste und Helm steht im Winter auf einem Bauger\u00fcst.\" class=\"wp-image-24165\" title=\"Mindesttemperatur im B\u00fcro: Was am Arbeitsplatz im Winter gilt\" srcset=\"https:\/\/www.advocard.de\/streitlotse\/wp-content\/uploads\/2016\/01\/Streitlotse-Temperatur-Bu\u0308ro-suravikin-1024x478.jpg 1024w, https:\/\/www.advocard.de\/streitlotse\/wp-content\/uploads\/2016\/01\/Streitlotse-Temperatur-Bu\u0308ro-suravikin-300x140.jpg 300w, https:\/\/www.advocard.de\/streitlotse\/wp-content\/uploads\/2016\/01\/Streitlotse-Temperatur-Bu\u0308ro-suravikin-768x358.jpg 768w, https:\/\/www.advocard.de\/streitlotse\/wp-content\/uploads\/2016\/01\/Streitlotse-Temperatur-Bu\u0308ro-suravikin.jpg 1125w\" sizes=\"(max-width: 1024px) 100vw, 1024px\"><figcaption>\u00a9 iStock.com\/ suravikin<\/figcaption><\/figure>\n\n\n\n<h2 class=\"wp-block-heading\">Tem\u00adpe\u00adra\u00adtur am Arbeits\u00adplatz im Winter: Das gilt f\u00fcr die Arbeit im Freien<\/h2>\n\n\n\n<p>Au\u00dferhalb von Geb\u00e4uden, beispielsweise auf Baustellen, herrschen naturgem\u00e4\u00df andere Bedingungen als in Innenr\u00e4umen \u2013 dadurch ist die Temperatur am Arbeitsplatz im Winter nur schwer zu sichern. Deshalb sind nach Anhang 5.1 der ArbSt\u00e4ttVO <strong>Arbeitspl\u00e4tze im Freien vor Witterungseinwirkungen besonders zu sch\u00fctzen<\/strong>.<\/p>\n\n\n\n<p>An der Au\u00dfentemperatur l\u00e4sst sich nat\u00fcrlich nichts \u00e4ndern. Aber es muss beispielsweise durch Streuen, Fegen oder Schneer\u00e4umen sichergestellt sein, dass Angestellte ihren <a href=\"https:\/\/www.advocard.de\/streitlotse\/arbeit-und-karriere\/wegeunfall-wann-er-als-arbeitsunfall-gilt\/\">Arbeitsplatz bei jedem Wetter sicher erreichen,<\/a> dort arbeiten und ihn wieder verlassen k\u00f6nnen, ohne ihre Gesundheit zu gef\u00e4hrden.<\/p>\n\n\n\n<p>Ist ein Schutz gegen Witterungseinfl\u00fcsse (zum Beispiel K\u00e4lte, Regen, Schneefall) am Arbeitsplatz nicht m\u00f6glich, m\u00fcssen die Mitarbeiter geeignete Schutzausr\u00fcstungen erhalten. Besonders <strong>auf Baustellen muss ein gegen Witterungseinfl\u00fcsse gesch\u00fctzter Bereich eingerichtet sein,<\/strong> in dem sich die Besch\u00e4ftigten aufw\u00e4rmen, umziehen und waschen k\u00f6nnen.<\/p>\n","protected":false},"excerpt":{"rendered":"<p>Bei einer zu niedrigen Temperatur am Arbeitsplatz leiden oftmals die Konzentration und das allgemeine Wohlbefinden. Aber haben Mitarbeiter Anspruch&nbsp;auf eine bestimmte Mindesttemperatur im B\u00fcro? Dein Chef zeigt sich uneinsichtig? Der Berufs-Rechtsschutz kann helfen. &gt;&gt; Min\u00addest\u00adtem\u00adpe\u00adra\u00adtur: Wie kalt darf es im B\u00fcro&nbsp;sein? Zum Leidwesen aller, die am Arbeitsplatz h\u00e4ufiger mal frieren, ist gesetzlich nicht eindeutig geregelt, [\u2026]<\/p>\n","protected":false},"author":1,"featured_media":0,"comment_status":"closed","ping_status":"open","sticky":false,"template":"","format":"standard","meta":{"_acf_changed":false,"wp_typography_post_enhancements_disabled":false,"footnotes":""},"categories":[3,13],"tags":[],"acf":[],"_links":{"self":[{"href":"https:\/\/www.advocard.de\/streitlotse\/wp-json\/wp\/v2\/posts\/9843"}],"collection":[{"href":"https:\/\/www.advocard.de\/streitlotse\/wp-json\/wp\/v2\/posts"}],"about":[{"href":"https:\/\/www.advocard.de\/streitlotse\/wp-json\/wp\/v2\/types\/post"}],"author":[{"embeddable":true,"href":"https:\/\/www.advocard.de\/streitlotse\/wp-json\/wp\/v2\/users\/1"}],"replies":[{"embeddable":true,"href":"https:\/\/www.advocard.de\/streitlotse\/wp-json\/wp\/v2\/comments?post=9843"}],"version-history":[{"count":4,"href":"https:\/\/www.advocard.de\/streitlotse\/wp-json\/wp\/v2\/posts\/9843\/revisions"}],"predecessor-version":[{"id":24169,"href":"https:\/\/www.advocard.de\/streitlotse\/wp-json\/wp\/v2\/posts\/9843\/revisions\/24169"}],"wp:attachment":[{"href":"https:\/\/www.advocard.de\/streitlotse\/wp-json\/wp\/v2\/media?parent=9843"}],"wp:term":[{"taxonomy":"category","embeddable":true,"href":"https:\/\/www.advocard.de\/streitlotse\/wp-json\/wp\/v2\/categories?post=9843"},{"taxonomy":"post_tag","embeddable":true,"href":"https:\/\/www.advocard.de\/streitlotse\/wp-json\/wp\/v2\/tags?post=9843"}],"curies":[{"name":"wp","href":"https:\/\/api.w.org\/{rel}","templated":true}]}}