{"id":9244,"date":"2026-01-08T16:37:56","date_gmt":"2026-01-08T15:37:56","guid":{"rendered":"http:\/\/www.advocard.de\/streitlotse\/arbeit-und-karriere\/urlaubsplanung-was-darf-der-arbeitgeber-vorschreiben\/"},"modified":"2026-01-12T14:19:37","modified_gmt":"2026-01-12T13:19:37","slug":"urlaubsplanung-was-darf-der-arbeitgeber-vorschreiben","status":"publish","type":"post","link":"https:\/\/www.advocard.de\/streitlotse\/arbeit-und-karriere\/urlaubsplanung-was-darf-der-arbeitgeber-vorschreiben\/","title":{"rendered":"Urlaubs\u00adpla\u00adnung gem\u00e4\u00df Bun\u00addes\u00adur\u00adlaubs\u00adge\u00adsetz: Diese Regeln gelten"},"content":{"rendered":"\n<p>Die Urlaubsplanung ist in vielen Unternehmen ein kompliziertes Thema. Schlie\u00dflich wollen alle Arbeitnehmer ihr Recht auf Urlaub m\u00f6glichst vorteilhaft nutzen. Der Arbeitgeber spielt dabei eine wichtige Rolle, denn er muss den Urlaub genehmigen. Doch was darf er dabei vorschreiben? Haben Eltern mit schulpflichtigen Kindern wirklich den Vorrang bei der Urlaubsplanung? Und welche Fristen gelten? Hier erf\u00e4hrst du es.<\/p>\n\n\n\n<p><a href=\"https:\/\/www.advocard.de\/berufsrechtsschutz\/\">Die Urlaubsplanung sorgt f\u00fcr \u00c4rger mit dem Chef? Ein Berufs-Rechtsschutz hilft in solchen F\u00e4llen. &gt;&gt;<\/a><\/p>\n\n\n\n<div style=\"height:10px\" aria-hidden=\"true\" class=\"wp-block-spacer\"><\/div>\n\n\n\n<h2 class=\"wp-block-heading\">Urlaubs\u00adpla\u00adnung im Arbeits\u00adrecht: Das sagt das Bundesurlaubsgesetz<\/h2>\n\n\n\n<p>Laut \u00a7 7 Absatz 1 Bundesurlaubsgesetz (BUrlG) <strong>muss dein Arbeitgeber grunds\u00e4tzlich deine W\u00fcnsche bei der Urlaubsplanung ber\u00fccksichtigen<\/strong>. Der Urlaub, den du in einem bestimmten Kalenderjahr zur Verf\u00fcgung hast, muss in der Regel auch innerhalb dieses Jahres genommen werden. Der Arbeitgeber ist dabei <strong>verpflichtet, dich rechtzeitig darauf hinzuweisen, <\/strong>wieviel <a href=\"https:\/\/www.advocard.de\/streitlotse\/arbeit-und-karriere\/urlaubsanspruch-alles-was-du-wissen-musst\">Urlaubsanspruch<\/a> du noch hast und dass dieser verf\u00e4llt, wenn du ihn nicht nimmst.<\/p>\n\n\n\n<p>Alle Arbeitnehmer mit entsprechendem Urlaubsanspruch haben zudem das <strong>Recht, einmal im Jahr zwei Wochen Urlaub am St\u00fcck<\/strong> zu bekommen. In \u00a7 7 Absatz 2 BUrlG ist hier konkret von zw\u00f6lf Werktagen die Rede, dies bezieht sich allerdings auf eine Sechstagewoche, bei der der Samstag mitgez\u00e4hlt wird.<\/p>\n\n\n\n<div style=\"height:10px\" aria-hidden=\"true\" class=\"wp-block-spacer\"><\/div>\n\n\n\n<h2 class=\"wp-block-heading\">Darf der Arbeit\u00adge\u00adber Urlaubs\u00adw\u00fcn\u00adsche ablehnen oder Urlaub festlegen?<\/h2>\n\n\n\n<p>Der Arbeitgeber muss jedoch nicht jedem Urlaubswunsch nachkommen: So kann eine Urlaubsanfrage&nbsp;<strong>aus betrieblichen Gr\u00fcnden abgelehnt<\/strong>&nbsp;werden, zum Beispiel, wenn viele Kollegen krank sind oder ein wichtiges Projekt abgeschlossen werden muss. Solche betrieblichen Gr\u00fcnde spielen bei der Urlaubsplanung f\u00fcr den Arbeitgeber eine zentrale Rolle.<\/p>\n\n\n\n<p>Der Arbeitgeber darf zudem unter bestimmten Umst\u00e4nden&nbsp;<strong>Betriebsferien&nbsp;<\/strong>anordnen und bestimmen, dass alle Mitarbeiter in diesem Zeitraum Urlaub nehmen. Etwa, wenn es sich um einen Betrieb handelt, der jedes Jahr <a href=\"https:\/\/www.advocard.de\/streitlotse\/arbeit-und-karriere\/urlaub-an-weihnachten-und-silvester-die-rechtslage\/\">zwischen Weihnachten und Neujahr<\/a> schlie\u00dft.<\/p>\n\n\n\n<p>Mehr dazu liest du in unserem Ratgeber zum Thema <a href=\"https:\/\/www.advocard.de\/streitlotse\/arbeit-und-karriere\/zwangsurlaub-wann-der-arbeitgeber-ihn-anordnen-darf\/\"><strong>Zwangsurlaub<\/strong><\/a>.<\/p>\n\n\n\n<p>\u00dcbrigens: <a href=\"https:\/\/www.advocard.de\/streitlotse\/arbeit-und-karriere\/urlaubsplanung-darf-genehmigter-urlaub-gestrichen-werden\/\">Ob dein Arbeitgeber deinen bereits bewilligten Urlaub einfach so streichen darf, liest du hier.<\/a><\/p>\n\n\n\n<div class=\"fazitbox\">\n<div class=\"fazitbox-titel\">INFO<\/div>\n<p><strong>Wie viel Urlaub darf vom Arbeitgeber verplant werden?<\/strong><\/p>\n<p>\nHier gilt: Dein Arbeitgeber darf nur einen Teil des dir zur Verf\u00fcgung stehenden Jahresurlaubs verplanen und dir damit nicht die komplette Urlaubsplanung vorschreiben. Das hat das Bundesarbeitsgericht (BAG) 1981 in einem Grundsatzurteil festgehalten (AZ 1 ABR 79\/79). Das BAG hat dabei jedoch keine allgemein g\u00fcltige Quote festgelegt, wie viel Urlaub noch frei zu verplanen sein muss.\n<\/p>\n<\/div>\n\n\n\n<div style=\"height:10px\" aria-hidden=\"true\" class=\"wp-block-spacer\"><\/div>\n\n\n\n<h2 class=\"wp-block-heading\">Anspruch auf Urlaub in den Ferien: Haben Eltern Vorrang?<\/h2>\n\n\n\n<p><strong>Eltern schulpflichtiger Kinder<\/strong> sind in der Regel darauf angewiesen, ihren Urlaub in den Schulferien zu nehmen. Das Bundesurlaubsgesetz r\u00e4umt ihnen hier einen <strong>gewissen Vorrang <\/strong>ein, wenn auch nicht explizit. So hei\u00dft es in \u00a7 7 Absatz 1 BUrlG, dass der Arbeitgeber die W\u00fcnsche des Arbeitnehmers ber\u00fccksichtigen muss, es sei denn, dass dem \u201e<em>[...] Urlaubsw\u00fcnsche anderer Arbeitnehmer, die unter sozialen Gesichtspunkten den Vorrang verdienen, entgegenstehen.\u201d<\/em><\/p>\n\n\n\n<p>Wollen also mehr Mitarbeiter im selben Zeitraum Urlaub nehmen, als der Arbeitgeber entbehren kann, muss er<strong>&nbsp;abw\u00e4gen: Wer hat bei der Urlaubsplanung unter sozialen Gesichtspunkten Vorrang?<\/strong><\/p>\n\n\n\n<p>In den Schulferien sind das h\u00e4ufig die Eltern, die ihre Kinder betreuen m\u00fcssen. Auch andere soziale Gesichtspunkte kommen in Betracht, zum Beispiel:<\/p>\n\n\n<div class=\"wp-block-image\">\n<figure class=\"alignright size-full\"><a href=\"https:\/\/www.advocard.de\/info\/arbeit\/\" target=\"_blank\" rel=\"noopener\"><img loading=\"lazy\" decoding=\"async\" width=\"300\" height=\"190\" src=\"https:\/\/www.advocard.de\/streitlotse\/wp-content\/uploads\/2020\/10\/201019_Advocard_Teaser_Arbeit.jpg\" alt=\"Alle Informationen zur Arbeitsrechtsschutz von ADVOCARD\" class=\"wp-image-21290\" title=\"Alle Informationen zur Arbeitsrechtsschutz von ADVOCARD\"><\/a><\/figure><\/div>\n\n\n<ul>\n<li>eine gerade \u00fcber\u00adstan\u00adde\u00adne <a href=\"https:\/\/www.advocard.de\/streitlotse\/arbeit-und-karriere\/weniger-urlaubsanspruch-bei-langer-krankheit-stimmt-das\/\">Krankheit oder Reha<\/a>,<\/li>\n\n\n\n<li>die Dauer der Betriebszugeh\u00f6rigkeit<\/li>\n\n\n\n<li>oder die Tatsache, dass der Partner oder die Partnerin nur zu einem bestimm\u00adten Zeitpunkt Urlaub bekommt und man gemeinsam verreisen m\u00f6chte.<\/li>\n<\/ul>\n\n\n\n<p><strong>Der Arbeitgeber ist hier gefordert, <\/strong>eine f\u00fcr alle Seiten <strong>akzeptable L\u00f6sung<\/strong> zu finden und gegebenenfalls auf <strong>Kompromisse<\/strong> zu setzen. Vielleicht braucht Kollege A nicht drei Wochen Urlaub in den Sommerferien, sondern gibt sich auch mit zwei zufrieden. Oder Kollegin B, die gern wie alle anderen den <a href=\"https:\/\/www.advocard.de\/streitlotse\/arbeit-und-karriere\/weniger-urlaubsanspruch-bei-langer-krankheit-stimmt-das\/\">Br\u00fc<\/a><a href=\"https:\/\/www.advocard.de\/streitlotse\/arbeit-und-karriere\/brueckentag-welche-rechte-haben-arbeitnehmer\/\">ckentag frei<\/a> h\u00e4tte, gibt diesmal nach, erh\u00e4lt aber daf\u00fcr die Zusicherung, beim n\u00e4chsten Mal bevorzugt ber\u00fccksichtigt zu werden.<\/p>\n\n\n\n<p>Gerade bei der Urlaubsplanung im Team sind transparente Absprachen der Mitarbeiter unter Federf\u00fchrung des Arbeitgebers entscheidend, denn <strong>einen gesetzlichen Anspruch auf Vorrang bei der Urlaubsplanung kann niemand automatisch f\u00fcr sich geltend machen<\/strong>. Gleichzeitig m\u00fcssen kinderlose Kollegen es nicht hinnehmen, jedes Mal w\u00e4hrend der Ferienzeiten zur\u00fcckstecken zu m\u00fcssen. <a href=\"https:\/\/www.advocard.de\/arbeitgeber-rechtsschutz\/\">Der Arbeitgeber handelt vorausschauend<\/a>, wenn er auch f\u00fcr sie entsprechende Kompromisse findet.<\/p>\n\n\n\n<div style=\"height:10px\" aria-hidden=\"true\" class=\"wp-block-spacer\"><\/div>\n\n\n\n<figure class=\"wp-block-image size-large\"><img loading=\"lazy\" decoding=\"async\" width=\"1024\" height=\"472\" src=\"https:\/\/www.advocard.de\/streitlotse\/wp-content\/uploads\/2026\/01\/Streitlotse-Urlaubsplanung-Andreas-Haeuslbetz-1024x472.jpg\" alt=\"Urlaub eingetragen im Kalender\" class=\"wp-image-27146\" srcset=\"https:\/\/www.advocard.de\/streitlotse\/wp-content\/uploads\/2026\/01\/Streitlotse-Urlaubsplanung-Andreas-Haeuslbetz-1024x472.jpg 1024w, https:\/\/www.advocard.de\/streitlotse\/wp-content\/uploads\/2026\/01\/Streitlotse-Urlaubsplanung-Andreas-Haeuslbetz-300x138.jpg 300w, https:\/\/www.advocard.de\/streitlotse\/wp-content\/uploads\/2026\/01\/Streitlotse-Urlaubsplanung-Andreas-Haeuslbetz-768x354.jpg 768w, https:\/\/www.advocard.de\/streitlotse\/wp-content\/uploads\/2026\/01\/Streitlotse-Urlaubsplanung-Andreas-Haeuslbetz.jpg 1140w\" sizes=\"(max-width: 1024px) 100vw, 1024px\"><figcaption class=\"wp-element-caption\">\u00a9 iStock.com\/Andreas H\u00e4uslbetz<\/figcaption><\/figure>\n\n\n\n<div style=\"height:10px\" aria-hidden=\"true\" class=\"wp-block-spacer\"><\/div>\n\n\n\n<h2 class=\"wp-block-heading\">Fristen bei der Urlaubs\u00adpla\u00adnung: Bis wann muss ich sie abgeben?<\/h2>\n\n\n\n<p>In vielen Betrieben ist es \u00fcblich, dass <strong>Arbeitnehmer fr\u00fchzeitig einen Gro\u00dfteil ihres Jahresurlaubs f\u00fcr das folgende Kalenderjahr verplanen<\/strong> sollen. Das entspricht dem Interesse des Arbeitgebers, mit personellen Ressourcen planen zu k\u00f6nnen und nicht in der zweiten Jahresh\u00e4lfte pl\u00f6tzlich von Urlaubsantr\u00e4gen \u00fcberh\u00e4uft zu werden.<\/p>\n\n\n\n<p>Was sagt das Arbeitsrecht zur Urlaubsplanung weit im Voraus? <strong>Dein Arbeitgeber darf dir f\u00fcr die Jahresurlaubsplanung eine Frist setzen.<\/strong> Allerdings bist du nicht verpflichtet, dieser Frist nachzukommen. Der Nachteil, der dir dadurch entstehen kann, ist \u2013 neben m\u00f6glichen Unstimmigkeiten mit dem Arbeitgeber \u2013, dass du das Nachsehen bei der Urlaubsvergabe zu besonders beliebten Urlaubszeiten haben k\u00f6nntest. Wer fr\u00fcher plant, hat nat\u00fcrlich gr\u00f6\u00dfere Chancen auf den Zuschlag f\u00fcr den gew\u00fcnschten Urlaubszeitpunkt.<\/p>\n\n\n\n<p><strong>Gesetzliche Regelungen, die diese Praxis verbieten, gibt es nicht.<\/strong> Jedoch sollten Arbeitgeber dabei immer mit Augenma\u00df vorgehen und noch ein gewisses Ma\u00df an Flexibilit\u00e4t bei der Urlaubsplanung einr\u00e4umen, um keinen Unmut unter ihren Mitarbeitern zu riskieren.<\/p>\n\n\n\n<figure class=\"wp-block-image size-large\"><img loading=\"lazy\" decoding=\"async\" width=\"1024\" height=\"472\" src=\"https:\/\/www.advocard.de\/streitlotse\/wp-content\/uploads\/2026\/01\/Streitlotse-Urlaubsplanung-Kosamtu-1024x472.jpg\" alt=\"Paar sitzt mit Flugticket in Schlafzimmer auf dem Boden und packt einen Koffer\" class=\"wp-image-27137\" srcset=\"https:\/\/www.advocard.de\/streitlotse\/wp-content\/uploads\/2026\/01\/Streitlotse-Urlaubsplanung-Kosamtu-1024x472.jpg 1024w, https:\/\/www.advocard.de\/streitlotse\/wp-content\/uploads\/2026\/01\/Streitlotse-Urlaubsplanung-Kosamtu-300x138.jpg 300w, https:\/\/www.advocard.de\/streitlotse\/wp-content\/uploads\/2026\/01\/Streitlotse-Urlaubsplanung-Kosamtu-768x354.jpg 768w, https:\/\/www.advocard.de\/streitlotse\/wp-content\/uploads\/2026\/01\/Streitlotse-Urlaubsplanung-Kosamtu.jpg 1140w\" sizes=\"(max-width: 1024px) 100vw, 1024px\"><figcaption class=\"wp-element-caption\">\u00a9 iStock.com\/Kosamtu<\/figcaption><\/figure>\n\n\n\n<div style=\"height:10px\" aria-hidden=\"true\" class=\"wp-block-spacer\"><\/div>\n\n\n\n<h2 class=\"wp-block-heading\">Wann gilt die Urlaubs\u00adpla\u00adnung als genehmigt oder abgelehnt?<\/h2>\n\n\n\n<p>Wenn du deine&nbsp;<strong>Urlaubsplanung schriftlich einreichst,<\/strong>&nbsp;ist es damit noch nicht getan. Schlie\u00dflich muss dein Arbeitgeber deinen Pl\u00e4nen noch zustimmen. Erst mit der Genehmigung wird die Urlaubsplanung nach dem Gesetz rechtlich verbindlich.<\/p>\n\n\n\n<p><strong>In der Regel kann es ein bis zwei Wochen dauern, bis dein Arbeitgeber deinem Urlaubsplan stattgibt.&nbsp;<\/strong>Bis dahin bist du an deine Urlaubsplanung rechtlich gebunden. Eine gesetzlich festgelegte Frist, in der Arbeitgeber \u00fcber einen Urlaubsantrag entscheiden m\u00fcssen, gibt es allerdings nicht.<\/p>\n\n\n\n<p>In der Praxis sollte der Arbeitgeber jedoch <strong>innerhalb eines angemessenen Zeitraums<\/strong> von circa zwei Wochen auf deinen Antrag reagieren. Tut er das nicht, solltest du noch einmal nachhaken: Ist dein Antrag abgelehnt \u2013 oder konnte er vielleicht aus Zeitmangel noch nicht bearbeitet werden?<\/p>\n\n\n\n<p><strong>Und was gilt f\u00fcr m\u00fcndliche Urlaubsplanung?<\/strong>&nbsp;Gem\u00e4\u00df \u00a7 147 Absatz 1 B\u00fcrgerliches Gesetzbuch (BGB) kann spontanen m\u00fcndlichen oder telefonischen Urlaubsanfragen nur sofort zugestimmt werden.<\/p>\n\n\n\n<ul>\n<li>Dein Arbeit\u00adge\u00adber muss also direkt seine Zustim\u00admung geben oder ablehnen.<\/li>\n\n\n\n<li>W\u00fcnscht er mehr Bedenk\u00adzeit, so bleibt dein Urlaubs\u00adwunsch bis dahin bestehen.<\/li>\n\n\n\n<li>Lehnt dein Arbeit\u00adge\u00adber deinen Wunsch dann weder ab noch sagt er zu, gilt dein Urlaubs\u00adan\u00adtrag als erloschen. Dies bedeutet f\u00fcr dich: Du bist zu einem sp\u00e4teren Zeitpunkt nicht mehr an diesen Urlaubs\u00adan\u00adtrag gebunden und kannst gege\u00adbe\u00adnen\u00adfalls einen anderen Urlaubs\u00adwunsch formulieren.<\/li>\n<\/ul>\n\n\n\n<div class=\"fazitbox\">\n<div class=\"fazitbox-titel\">INFO<\/div>\n<p><strong>Unbezahlter Urlaub bei der Urlaubsplanung<\/strong><\/p>\n<p>\n<a href=\"https:\/\/www.advocard.de\/streitlotse\/arbeit-und-karriere\/unbezahlter-urlaub-dann-duerfen-sie-ihn-nehmen\/\">Unbezahlter Urlaub<\/a> ist im Bundesurlaubsgesetz nicht geregelt. Anders als beim gesetzlichen Erholungsurlaub hast du darauf keinen automatischen Anspruch. Ob und f\u00fcr wie lange du unbezahlten Urlaub nehmen kannst, h\u00e4ngt von der Zustimmung des Arbeitgebers ab.\n<\/p>\n<p>\nWird unbezahlter Urlaub vereinbart, kann dies die weitere Urlaubsplanung beeinflussen, weil der Arbeitgeber diese Abwesenheit bei der Personalplanung ber\u00fccksichtigen darf.\n<\/p>\n<\/div>\n\n\n\n<div style=\"height:10px\" aria-hidden=\"true\" class=\"wp-block-spacer\"><\/div>\n\n\n\n<h2 class=\"wp-block-heading\">Urlaub verplanen oder ins neue Jahr mitnehmen?<\/h2>\n\n\n\n<p><strong>Grunds\u00e4tzlich musst du deinen gesamten Urlaub im laufenden Kalenderjahr nehmen<\/strong>&nbsp;\u2013 das bestimmt \u00a7 7 Absatz 3 BUrlG. Wenn jedoch betriebliche oder pers\u00f6nliche Gr\u00fcnde das rechtfertigen, kannst du Urlaubstage gegebenenfalls&nbsp;<a href=\"https:\/\/www.advocard.de\/streitlotse\/arbeit-und-karriere\/resturlaub-verfaellt-nicht-automatisch-erinnerung-noetig\/\">nach Absprache mit dem Arbeitgeber mit ins n\u00e4chste Jahr nehmen<\/a>.<\/p>\n\n\n\n<p><strong>Wichtig:<\/strong> Urlaub verf\u00e4llt nur dann zum Jahresende oder \u2013 bei entsprechender Vereinbarung \u00fcber einen Arbeits- oder Tarifvertrag \u2013 zum 31. M\u00e4rz des Folgejahres, wenn der Arbeitgeber dich zuvor <strong>rechtzeitig darauf hingewiesen hat, dass du noch eine bestimmte Anzahl Urlaubstage offen hast<\/strong> und dich aufgefordert hat, diese zu beanspruchen.<\/p>\n\n\n\n<p><strong>Unterl\u00e4sst er das, bleibt der Urlaubsanspruch bestehen,<\/strong> unter Umst\u00e4nden sogar \u00fcber mehrere Jahre hinweg, wie der Europ\u00e4ische Gerichtshof (EuGH) 2018 erkl\u00e4rte (AZ C-619\/16 und C-684\/16).<\/p>\n\n\n\n<p>Scheidet ein Arbeitnehmer wegen <a href=\"https:\/\/www.advocard.de\/streitlotse\/arbeit-und-karriere\/urlaubsanspruch-bei-renteneintritt-so-ist-er-geregelt\/\">Renteneintritt<\/a> aus dem Arbeitsverh\u00e4ltnis aus, m\u00fcssen offene Urlaubstage grunds\u00e4tzlich noch genommen werden, sofern dies zeitlich m\u00f6glich ist. Ist das nicht mehr der Fall, sind die <strong>verbleibenden Urlaubstage vom Arbeitgeber <\/strong><a href=\"https:\/\/www.advocard.de\/streitlotse\/arbeit-und-karriere\/urlaub-auszahlen-lassen-wann-es-moeglich-ist\/\"><strong>finanziell abzugelten.<\/strong><\/a><\/p>\n\n\n\n<p>Ob du deinen Anspruch auf Resturlaub mit zu einem neuen Arbeitgeber nehmen kannst, erf\u00e4hrst du in unserem Artikel <a href=\"https:\/\/www.advocard.de\/streitlotse\/arbeit-und-karriere\/urlaubsanspruch-bei-arbeitgeberwechsel-kann-man-tage-mitnehmen\/\">\u201eUrlaubsanspruch bei Arbeitgeberwechsel: Kann man Tage mitnehmen?\u201c.<\/a><\/p>\n\n\n<div class=\"fazitbox\">\n<div class=\"fazitbox-titel\">FAZIT<\/div>\n<ul>\n<li>Die ver\u00adbind\u00adli\u00adche Urlaubs\u00adpla\u00adnung obliegt dem Arbeit\u00adge\u00adber. Er muss dabei nach M\u00f6g\u00adlich\u00adkeit die W\u00fcnsche der Arbeit\u00adneh\u00admer ber\u00fccksichtigen.<\/li>\n<li>Dabei k\u00f6nnen betrieb\u00adli\u00adche Belange Vorrang haben.<\/li>\n<li>Der Arbeit\u00adge\u00adber darf nach geltender Recht\u00adspre\u00adchung nicht den kom\u00adplet\u00adten Jah\u00adres\u00adur\u00adlaub seiner Mit\u00adar\u00adbei\u00adter eigen\u00adm\u00e4ch\u00adtig verplanen.<\/li>\n<li>Wenn mehrere Mit\u00adar\u00adbei\u00adter zur gleichen Zeit Urlaub nehmen m\u00f6chten, muss der Arbeit\u00adge\u00adber unter sozialen Gesichts\u00adpunk\u00adten abw\u00e4gen und ent\u00adschei\u00adden, wer Vorrang hat.<\/li>\n<\/ul>\n<\/div>\n\n\n<div style=\"height:10px\" aria-hidden=\"true\" class=\"wp-block-spacer\"><\/div>\n\n\n\n<div class=\"multicolumn-container\">\n<div class=\"multicolumn-col\">\n<h2>FAQ<\/h2>\n<p>\n<\/p><ul>\n<li><b>Bis wann muss die Urlaubs\u00adpla\u00adnung abge\u00adschlos\u00adsen&nbsp;sein?<\/b><\/li>\n<\/ul>\n\n<p>\nEine gesetzliche Frist daf\u00fcr gibt es nicht. Dein Arbeitgeber kann zwar eine Frist f\u00fcr die Urlaubsplanung setzen, rechtlich bist du aber nicht verpflichtet, deinen Urlaub bis zu einem bestimmten Zeitpunkt vollst\u00e4ndig festzulegen.\n<\/p>\n<p>\n<\/p><ul>\n<li><b>Was darf der Arbeit\u00adge\u00adber bei der Urlaubs\u00adpla\u00adnung vorschreiben?<\/b><\/li>\n<\/ul>\n\n<p>\nDer Arbeitgeber darf aus dringenden betrieblichen Gr\u00fcnden Urlaub ablehnen, Betriebsferien anordnen und die zeitliche Lage des Urlaubs mitbestimmen, jedoch nicht den gesamten Jahresurlaub einseitig verplanen.\n<\/p>\n<p>\n<\/p><ul>\n<li><b>Wer hat bei der Urlaubs\u00adpla\u00adnung Vorrang?<\/b><\/li>\n<\/ul>\n\n<p>\nEinen automatischen Vorrang gibt es nicht; bei konkurrierenden Urlaubsw\u00fcnschen muss der Arbeitgeber nach sozialen Gesichtspunkten abw\u00e4gen, etwa zugunsten von Eltern schulpflichtiger Kinder.\n<\/p>\n<\/div>\n<\/div>\n","protected":false},"excerpt":{"rendered":"<p>Die Urlaubsplanung ist in vielen Unternehmen ein kompliziertes Thema. Schlie\u00dflich wollen alle Arbeitnehmer ihr Recht auf Urlaub m\u00f6glichst vorteilhaft nutzen. Der Arbeitgeber spielt dabei eine wichtige Rolle, denn er muss den Urlaub genehmigen. Doch was darf er dabei vorschreiben? Haben Eltern mit schulpflichtigen Kindern wirklich den Vorrang bei der Urlaubsplanung? Und welche Fristen gelten? Hier [\u2026]<\/p>\n","protected":false},"author":1,"featured_media":0,"comment_status":"closed","ping_status":"open","sticky":false,"template":"","format":"standard","meta":{"_acf_changed":false,"wp_typography_post_enhancements_disabled":false,"footnotes":""},"categories":[3,63,64],"tags":[215,139,166,859,192,858,246,288,296,434,857],"acf":[],"_links":{"self":[{"href":"https:\/\/www.advocard.de\/streitlotse\/wp-json\/wp\/v2\/posts\/9244"}],"collection":[{"href":"https:\/\/www.advocard.de\/streitlotse\/wp-json\/wp\/v2\/posts"}],"about":[{"href":"https:\/\/www.advocard.de\/streitlotse\/wp-json\/wp\/v2\/types\/post"}],"author":[{"embeddable":true,"href":"https:\/\/www.advocard.de\/streitlotse\/wp-json\/wp\/v2\/users\/1"}],"replies":[{"embeddable":true,"href":"https:\/\/www.advocard.de\/streitlotse\/wp-json\/wp\/v2\/comments?post=9244"}],"version-history":[{"count":16,"href":"https:\/\/www.advocard.de\/streitlotse\/wp-json\/wp\/v2\/posts\/9244\/revisions"}],"predecessor-version":[{"id":27150,"href":"https:\/\/www.advocard.de\/streitlotse\/wp-json\/wp\/v2\/posts\/9244\/revisions\/27150"}],"wp:attachment":[{"href":"https:\/\/www.advocard.de\/streitlotse\/wp-json\/wp\/v2\/media?parent=9244"}],"wp:term":[{"taxonomy":"category","embeddable":true,"href":"https:\/\/www.advocard.de\/streitlotse\/wp-json\/wp\/v2\/categories?post=9244"},{"taxonomy":"post_tag","embeddable":true,"href":"https:\/\/www.advocard.de\/streitlotse\/wp-json\/wp\/v2\/tags?post=9244"}],"curies":[{"name":"wp","href":"https:\/\/api.w.org\/{rel}","templated":true}]}}