{"id":8044,"date":"2015-08-13T16:02:01","date_gmt":"2015-08-13T14:02:01","guid":{"rendered":"http:\/\/www.advocard.de\/streitlotse\/vererben-und-vorsorgen\/pflegereform-das-sind-die-neuerungen-ab-2017\/"},"modified":"2015-12-29T10:31:55","modified_gmt":"2015-12-29T09:31:55","slug":"pflegereform-das-sind-die-neuerungen-ab-2017","status":"publish","type":"post","link":"https:\/\/www.advocard.de\/streitlotse\/familie-und-vorsorge\/pflegereform-das-sind-die-neuerungen-ab-2017\/","title":{"rendered":"Pfle\u00adge\u00adre\u00adform: Das sind die Neue\u00adrun\u00adgen ab&nbsp;2017"},"content":{"rendered":"<p>Eine Beitragserh\u00f6hung um 0,2 Prozentpunkte, f\u00fcnf statt drei Pflegestufen und eine Besserstellung von Demenzkranken sind die wichtigsten Neuerungen&nbsp;der&nbsp;Pflegereform, die ab 2017 umgesetzt werden sollen.<\/p>\n<p><a title=\"Privat-Rechtsschutz\" href=\"https:\/\/www.advocard.de\/privat-rechtsschutz.html#!auf-einen-blick\" target=\"_blank\">Sie wissen nicht weiter? Eine Rechtsschutz-Beratung im Familien- und Erbrecht kann weiterhelfen. &gt;&gt;<\/a><\/p>\n<h2>Bei\u00adtrags\u00ader\u00adh\u00f6\u00adhung soll Pfle\u00adge\u00adre\u00adform finanzieren<\/h2>\n<p>F\u00fcr die Finanzierung der zweiten Stufe der&nbsp;<a title=\"Alles rund um das Thema Pflege\" href=\"https:\/\/www.advocard.de\/streitlotse\/kategorie\/vererben-und-vorsorgen\/pflege\/\" target=\"_blank\">Pflegereform<\/a> hat das Bundeskabinett eine Erh\u00f6hung der Beitr\u00e4ge zur Pflegeversicherung beschlossen. Die Abgabe an die Pflichtversicherung sollen nach Informationen von \"Spiegel Online\" zum 1. Januar 2017 um 0,2 Beitragssatzpunkte auf 2,8 Prozent f\u00fcr Kinderlose und 2,55 Prozent f\u00fcr Eltern steigen.<\/p>\n<h2>F\u00fcnf statt drei Pflegestufen<\/h2>\n<p>Das starre System mit bisher drei Pflegestufen soll durch die zweite Stufe der&nbsp;Pflegereform gelockert werden. Bisher orientierten sich die Pflegegrade allein an dem Ausma\u00df der k\u00f6rperlichen Beeintr\u00e4chtigung. Ab 2017 soll es f\u00fcnf Pflegestufen geben: Bei der Einstufung werden k\u00fcnftig auch psychische und geistige Einschr\u00e4nkungen ber\u00fccksichtigt.<\/p>\n<h2>Neues System erfasst auch Demenzkranke<\/h2>\n<p>Durch das neue f\u00fcnfstufige Pflegestufen-System&nbsp;sollen auch Demenzkranke bessergestellt werden, die bisher oft durch das Raster gefallen sind, weil sie zwar k\u00f6rperlich fit sind, aber dennoch Betreuung rund um die Uhr ben\u00f6tigen. Laut \"Tagesschau\u201c sollen durch diese \u00c4nderung zus\u00e4tzlich etwa 500.000 Menschen Geld aus der Pflegeversicherung erhalten.<\/p>\n<h2>Erleich\u00adte\u00adrun\u00adgen f\u00fcr pflegende Angeh\u00f6rige<\/h2>\n<p>Als <a title=\"Pflege von Ange\u00adh\u00f6\u00adri\u00adgen: Wann k\u00f6nnen Sie Pfle\u00adge\u00adzeit beantragen?\" href=\"https:\/\/www.advocard.de\/streitlotse\/vererben-und-vorsorgen\/pflege-von-angehoerigen-wann-koennen-sie-pflegezeit-beantragen\/\" target=\"_blank\">pflegende Angeh\u00f6rige<\/a> profitieren Sie besonders von der j\u00fcngst beschlossenen&nbsp;Pflegereform. Wenn Sie aus Ihrem Beruf aussteigen, um ein Familienmitglied zu pflegen, \u00fcbernimmt die Pflegeversicherung k\u00fcnftig Ihre Beitr\u00e4ge zur <a title=\"Arbeits\u00adlos melden: Immer pers\u00f6nlich\" href=\"https:\/\/www.advocard.de\/streitlotse\/arbeit-und-karriere\/arbeitslos-melden-immer-persoenlich\/\" target=\"_blank\">Arbeitslosenversicherung<\/a>.<\/p>\n<p>Ihre Rentenbeitr\u00e4ge zahlt die Pflegeversicherung dann, wenn Sie einen Angeh\u00f6rigen der Pflegestufe 2 bis 5 mindestens zehn Stunden pro Woche und an mindestens zwei Wochentagen zu Hause pflegen. Ab 2017 soll es zudem kostenlose Pflegekurse f\u00fcr Angeh\u00f6rige und <a title=\"Ehrenamt: Wie l\u00e4sst sich das soziale Enga\u00adge\u00adment mit dem Job vereinbaren?\" href=\"https:\/\/www.advocard.de\/streitlotse\/arbeit-und-karriere\/ehrenamt-wie-laesst-sich-das-soziale-engagement-mit-dem-job-vereinbaren\/\" target=\"_blank\">ehrenamtlich Pflegende<\/a> geben.<\/p>\n<h2>Weniger B\u00fcro\u00adkra\u00adtie und mehr Personal<\/h2>\n<p>Die Pflegereform sieht weniger B\u00fcrokratie vor. So sollen Sie das Gutachten des Medizinischen Dienstes zur Einstufung in die Pflegestufen nicht mehr beantragen m\u00fcssen, sondern automatisch zugesandt bekommen.<\/p>\n<p>Des Weiteren soll der Personalbedarf an den neuen Pflegebed\u00fcrftigkeitsbegriff angepasst werden. In <a title=\"Pfle\u00adge\u00adheim: Wer tr\u00e4gt die Kosten?\" href=\"https:\/\/www.advocard.de\/streitlotse\/vererben-und-vorsorgen\/pflegeheim-wer-traegt-die-kosten\/\" target=\"_blank\">Pflegeheimen<\/a> sollen zus\u00e4tzliche Betreuungsangebote entstehen, auf die Pflegebed\u00fcrftige <a title=\"Mit uns kommen Sie an Ihr Recht\" href=\"https:\/\/www.advocard.de\/darum-advocard.html\" target=\"_blank\">einen Anspruch haben<\/a>.<\/p>\n","protected":false},"excerpt":{"rendered":"<p>Eine Beitragserh\u00f6hung um 0,2 Prozentpunkte, f\u00fcnf statt drei Pflegestufen und eine Besserstellung von Demenzkranken sind die wichtigsten Neuerungen&nbsp;der&nbsp;Pflegereform, die ab 2017 umgesetzt werden sollen. Sie wissen nicht weiter? Eine Rechtsschutz-Beratung im Familien- und Erbrecht kann weiterhelfen. &gt;&gt; Bei\u00adtrags\u00ader\u00adh\u00f6\u00adhung soll Pfle\u00adge\u00adre\u00adform finanzieren F\u00fcr die Finanzierung der zweiten Stufe der&nbsp;Pflegereform hat das Bundeskabinett eine Erh\u00f6hung der Beitr\u00e4ge [\u2026]<\/p>\n","protected":false},"author":1,"featured_media":0,"comment_status":"closed","ping_status":"open","sticky":false,"template":"","format":"standard","meta":{"_acf_changed":false,"wp_typography_post_enhancements_disabled":false,"footnotes":""},"categories":[35,38],"tags":[],"acf":[],"_links":{"self":[{"href":"https:\/\/www.advocard.de\/streitlotse\/wp-json\/wp\/v2\/posts\/8044"}],"collection":[{"href":"https:\/\/www.advocard.de\/streitlotse\/wp-json\/wp\/v2\/posts"}],"about":[{"href":"https:\/\/www.advocard.de\/streitlotse\/wp-json\/wp\/v2\/types\/post"}],"author":[{"embeddable":true,"href":"https:\/\/www.advocard.de\/streitlotse\/wp-json\/wp\/v2\/users\/1"}],"replies":[{"embeddable":true,"href":"https:\/\/www.advocard.de\/streitlotse\/wp-json\/wp\/v2\/comments?post=8044"}],"version-history":[{"count":2,"href":"https:\/\/www.advocard.de\/streitlotse\/wp-json\/wp\/v2\/posts\/8044\/revisions"}],"predecessor-version":[{"id":8062,"href":"https:\/\/www.advocard.de\/streitlotse\/wp-json\/wp\/v2\/posts\/8044\/revisions\/8062"}],"wp:attachment":[{"href":"https:\/\/www.advocard.de\/streitlotse\/wp-json\/wp\/v2\/media?parent=8044"}],"wp:term":[{"taxonomy":"category","embeddable":true,"href":"https:\/\/www.advocard.de\/streitlotse\/wp-json\/wp\/v2\/categories?post=8044"},{"taxonomy":"post_tag","embeddable":true,"href":"https:\/\/www.advocard.de\/streitlotse\/wp-json\/wp\/v2\/tags?post=8044"}],"curies":[{"name":"wp","href":"https:\/\/api.w.org\/{rel}","templated":true}]}}