{"id":5866,"date":"2022-02-10T09:00:00","date_gmt":"2022-02-10T08:00:00","guid":{"rendered":"http:\/\/www.advocard.de\/streitlotse\/arbeit-und-karriere\/kuendigung-wegen-krankheit-erlaubt-oder-nicht\/"},"modified":"2022-02-10T11:56:43","modified_gmt":"2022-02-10T10:56:43","slug":"kuendigung-wegen-krankheit-erlaubt-oder-nicht","status":"publish","type":"post","link":"https:\/\/www.advocard.de\/streitlotse\/arbeit-und-karriere\/kuendigung-wegen-krankheit-erlaubt-oder-nicht\/","title":{"rendered":"K\u00fcndigung wegen Krankheit: Vor\u00adaus\u00adset\u00adzun\u00adgen und Hintergr\u00fcnde"},"content":{"rendered":"\n<p>Klar, jeder ist mal krank und dann arbeitsunf\u00e4hig. Das ist so normal, dass sich die meisten dabei keine Sorgen um ihren Job machen. Sie f\u00fchlen sich sicher, weil sie glauben, eine Krankheit sch\u00fctze sie vor einer K\u00fcndigung. Doch damit liegen sie unter Umst\u00e4nden falsch. Und zwar dann, wenn ihre Fehlzeiten eine gewisse Grenze pro Jahr \u00fcberschreiten.<\/p>\n\n\n\n<div class=\"wp-block-image\"><figure class=\"alignright size-full\"><a href=\"https:\/\/www.advocard.de\/info\/arbeit\/\" target=\"_blank\" rel=\"noopener\"><img loading=\"lazy\" decoding=\"async\" width=\"300\" height=\"190\" src=\"https:\/\/www.advocard.de\/streitlotse\/wp-content\/uploads\/2020\/10\/201019_Advocard_Teaser_Arbeit.jpg\" alt=\"Alle Informationen zur Arbeitsrechtsschutz von ADVOCARD\" class=\"wp-image-21290\" title=\"Alle Informationen zur Arbeitsrechtsschutz von ADVOCARD\"><\/a><\/figure><\/div>\n\n\n\n<p><a><\/a><a href=\"https:\/\/www.advocard.de\/berufsrechtsschutz\/\">Mit uns bist du bei Streitigkeiten mit deinem Arbeitgeber abgesichert. &gt;&gt;<\/a><\/p>\n\n\n\n<h2 class=\"wp-block-heading\"><a><\/a>Krank\u00adheits\u00adbe\u00adding\u00adte K\u00fcndigung: Erlaubt oder&nbsp;nicht?<\/h2>\n\n\n\n<p><a><\/a>Krankheit sch\u00fctzt vor K\u00fcndigung \u2013 diese Ansicht h\u00e4lt sich hartn\u00e4ckig. Doch Arbeitsrechts-Experten wissen es besser: In der Praxis kommt es immer wieder zu einer K\u00fcndigung wegen Krankheit. Aber unter welchen Voraussetzungen ist das erlaubt?<\/p>\n\n\n\n<p><a><\/a>Die Antwort h\u00e4ngt entscheidend mit der Krankheitsdauer zusammen. Dabei geht es vor allem um die Zeit, die ein Arbeitnehmer arbeitsunf\u00e4hig ist. Allgemein gilt, dass du bis zu <strong>sechs Wochen pro Jahr <\/strong>krankheitsbedingt ausfallen kannst, ohne dass dir Konsequenzen wie eine K\u00fcndigung drohen.<\/p>\n\n\n\n<p><a><\/a>Bei mehr als sechs Wochen wird es allerdings heikel, wenn dein l\u00e4ngerer Ausfall f\u00fcr deinen Betrieb zu einer wirtschaftlichen Belastung wird. Das braucht dein Arbeitgeber nicht einfach so hinzunehmen. Und dabei ist es egal, welche Krankheit du hast. Wichtig: Bei einer krankheitsbedingten Aufl\u00f6sung des Arbeitsverh\u00e4ltnisses handelt es sich in diesem Fall um eine <strong>ordentliche K\u00fcndigung<\/strong>, nicht um eine <a href=\"https:\/\/www.advocard.de\/streitlotse\/arbeit-und-karriere\/fristlose-kuendigung-diese-gruende-berechtigen\/\">fristlose K\u00fcndigung<\/a>.<\/p>\n\n\n<div class=\"fazitbox\">\n<div class=\"fazitbox-titel\">INFO<\/div>\n<p><strong>Darf mein Arbeitgeber w\u00e4hrend einer Erkrankung eine K\u00fcndigung aussprechen?<\/strong><\/p>\n<p>Ja, das ist m\u00f6glich, sofern es daf\u00fcr betriebs- oder <a href=\"https:\/\/www.advocard.de\/streitlotse\/arbeit-und-karriere\/krankfeiern-bei-falscher-krankmeldung-droht-die-kuendigung\/\">verhaltensbedingte<\/a> Gr\u00fcnde gibt. Ein Beispiel: Kommt heraus, dass ein Mitarbeiter oder eine Mitarbeiterin gegen den Arbeitsschutz versto\u00dfen hat und wird das (zuf\u00e4llig) w\u00e4hrend einer Krankheitsphase des oder der Besch\u00e4ftigten entdeckt, so ist eine K\u00fcndigung rechtens.<\/p>\n<\/div>\n\n\n<h2 class=\"wp-block-heading\">Arten krank\u00adheits\u00adbe\u00adding\u00adter K\u00fcn\u00addi\u00adgun\u00adgen: Vor\u00adaus\u00adset\u00adzung f\u00fcr eine Entlassung<\/h2>\n\n\n\n<p><a><\/a>Bist du bereits mindestens sechs Monate in einem Unternehmen t\u00e4tig, greift das K\u00fcndigungsschutzgesetz. Jedoch ist darin eine krankheitsbedingte K\u00fcndigung nicht explizit aufgef\u00fchrt. Sie gilt allerdings laut <a href=\"https:\/\/www.gesetze-im-internet.de\/kschg\/__1.html\">\u00a7 1 Abs. 2 K\u00fcndigungsschutzgesetz (KSchG)<\/a> als <strong>Sonderfall der personenbedingten K\u00fcndigung<\/strong>.<\/p>\n\n\n\n<p><a><\/a>Krankheitsbedingte K\u00fcndigungen sind in der Regel unter folgenden Voraussetzungen m\u00f6glich.<\/p>\n\n\n\n<ol><li><strong>H\u00e4ufige Kurz\u00aderkran\u00adkun\u00adgen:<\/strong> In diesem Fall waren Besch\u00e4f\u00adtig\u00adte \u00fcbers Jahr verteilt so oft krank, dass das Unter\u00adneh\u00admen deswegen untrag\u00adba\u00adre wirt\u00adschaft\u00adli\u00adche Probleme bekommen hat. <strong>Als Richtwert gelten Fehl\u00adzei\u00adten von zusam\u00admen\u00adge\u00adnom\u00admen sechs Wochen pro Jahr<\/strong>. Letztlich ist es jedoch immer eine Ein\u00adzel\u00adfall\u00adent\u00adschei\u00addung, ob eine K\u00fcndigung wegen Krankheit rechtens ist.<\/li><li><a href=\"https:\/\/www.advocard.de\/streitlotse\/arbeit-und-karriere\/arbeitszeit\/urlaubsanspruch\/weniger-urlaubsanspruch-bei-langer-krankheit-stimmt-das\/\"><strong>Lang\u00adzeit\u00ader\u00adkran\u00adkun\u00adgen<\/strong><\/a><strong>:<\/strong> Bei einer l\u00e4nger dauernde Erkran\u00adkun\u00adgen geht es vor allem um<strong> eine zeitliche Prognose <\/strong>hin\u00adsicht\u00adlich der Arbeits\u00adun\u00adf\u00e4\u00adhig\u00adkeit. F\u00fcr eine krank\u00adheits\u00adbe\u00adding\u00adte K\u00fcndigung muss eine akute Krankheit bestehen, die wahr\u00adschein\u00adlich auch in den kommenden 24 Monaten f\u00fcr gesund\u00adheit\u00adli\u00adche Ein\u00adschr\u00e4n\u00adkun\u00adgen sorgen wird. Daf\u00fcr muss der Arbeit\u00adge\u00adber nach\u00adwei\u00adsen, dass dies seinen Betrieb vor\u00adaus\u00adsicht\u00adlich wirt\u00adschaft\u00adlich beeintr\u00e4chtigt.<\/li><li><strong>Krank\u00adheits\u00adbe\u00adding\u00adte Minderung der Arbeits\u00adf\u00e4\u00adhig\u00adkeit: <\/strong>Sind Besch\u00e4f\u00adtig\u00adte krank\u00adheits\u00adbe\u00addingt nicht voll belastbar, ist ebenfalls eine K\u00fcndigung m\u00f6glich. Aller\u00addings muss der Arbeit\u00adge\u00adber vorher im Interesse beider Parteien nach einer Zwi\u00adschen\u00adl\u00f6\u00adsung suchen. Das kann bei\u00adspiels\u00adwei\u00adse eine ange\u00admes\u00adse\u00adne, <strong>weniger anstren\u00adgen\u00adde T\u00e4tigkeit oder Teil\u00adzeit\u00adbe\u00adsch\u00e4f\u00adti\u00adgung<\/strong> sein. Nur wenn auch das nicht geht, darf eine K\u00fcndigung erwogen werden.<\/li><li><strong>Dau\u00ader\u00adhaf\u00adte Arbeits\u00adun\u00adf\u00e4\u00adhig\u00adkeit:<\/strong> Bei dau\u00ader\u00adhaf\u00adter Arbeits\u00adun\u00adf\u00e4\u00adhig\u00adkeit ist eine krank\u00adheits\u00adbe\u00adding\u00adte K\u00fcndigung meist unver\u00admeid\u00adlich, weil dann ein Besch\u00e4f\u00adti\u00adgungs\u00adver\u00adh\u00e4lt\u00adnis aus betriebs\u00adwirt\u00adschaft\u00adli\u00adcher Sicht nicht mehr sinnvoll ist.<\/li><\/ol>\n\n\n\n<p><strong>Sonderfall<\/strong>: Eine \u00e4rztlich bescheinigte <strong>Alkoholabh\u00e4ngigkeit <\/strong>des Arbeitnehmers gilt auch als Krankheit und unterliegt daher ebenfalls den beschriebenen K\u00fcndigungsvoraussetzungen. Konkret bedeutet dies: Erst wenn andere Ma\u00dfnahmen nicht helfen und der Betrieb erhebliche wirtschaftliche Probleme wegen der Alkoholabh\u00e4ngigkeit bekommt, ist eine K\u00fcndigung m\u00f6glich.<\/p>\n\n\n\n<figure class=\"wp-block-image size-large\"><img loading=\"lazy\" decoding=\"async\" width=\"1024\" height=\"472\" src=\"https:\/\/www.advocard.de\/streitlotse\/wp-content\/uploads\/2015\/04\/Streitlotse-Ku\u0308ndigung-wegen-Krankheit-D-Keine-1024x472.jpg\" alt=\"Mann mit grauen Haaren greift sich an den Kopf.\" class=\"wp-image-23226\" title=\"K\u00fcndigung wegen Krankheit: Voraussetzungen und Hintergr\u00fcnde\" srcset=\"https:\/\/www.advocard.de\/streitlotse\/wp-content\/uploads\/2015\/04\/Streitlotse-Ku\u0308ndigung-wegen-Krankheit-D-Keine-1024x472.jpg 1024w, https:\/\/www.advocard.de\/streitlotse\/wp-content\/uploads\/2015\/04\/Streitlotse-Ku\u0308ndigung-wegen-Krankheit-D-Keine-300x138.jpg 300w, https:\/\/www.advocard.de\/streitlotse\/wp-content\/uploads\/2015\/04\/Streitlotse-Ku\u0308ndigung-wegen-Krankheit-D-Keine-768x354.jpg 768w, https:\/\/www.advocard.de\/streitlotse\/wp-content\/uploads\/2015\/04\/Streitlotse-Ku\u0308ndigung-wegen-Krankheit-D-Keine.jpg 1140w\" sizes=\"(max-width: 1024px) 100vw, 1024px\"><figcaption>\u00a9 iStock\/D-Keine<\/figcaption><\/figure>\n\n\n\n<h2 class=\"wp-block-heading\">Zu oft krank: K\u00fcndigung bei schlech\u00adter Prognose wahrscheinlicher<\/h2>\n\n\n\n<p>In einem Arbeitsverh\u00e4ltnis m\u00fcssen die Interessen von Arbeitnehmern und Arbeitgebern ausgewogen sein. Ist das nicht so, weil ein Besch\u00e4ftigter beispielsweise keine (oder keine volle) Arbeitsleistung erbringen kann, darf der Arbeitgeber die Besch\u00e4ftigung beenden.<\/p>\n\n\n\n<p>Dabei entscheidet vor allem die <strong>Gesundheitsprognose<\/strong> dar\u00fcber, ob eine Erkrankung als K\u00fcndigungsgrund infrage kommt: Je schlechter die Vorhersage ist und je h\u00f6her die Ausfallwahrscheinlichkeit, desto gr\u00f6\u00dfer ist das Risiko von Unternehmenssch\u00e4den. Achtung: Die <strong>Beweislast<\/strong> f\u00fcr eine positive oder negative Prognose <a href=\"https:\/\/www.advocard.de\/info\/arbeit\/\">liegt immer beim Arbeitnehmer<\/a>.<\/p>\n\n\n<div class=\"fazitbox\">\n<div class=\"fazitbox-titel\">INFO<\/div>\n<p><strong>Ist eine Abmahnung vor der K\u00fcndigung notwendig?<\/strong><\/p>\n<p>Nein, Arbeitgeber m\u00fcssen ihre Mitarbeiter nicht abmahnen, bevor sie eine K\u00fcndigung wegen Krankheit aussprechen. Der Grund: Eine Abmahnung soll dazu f\u00fchren, dass die Besch\u00e4ftigten ihr Verhalten bessern. Das geht aber nur, wenn sie das selbst in der Hand haben. F\u00fcr ihre Krankheit sind sie aber meist nicht verantwortlich und k\u00f6nnen daran nichts \u00e4ndern.<\/p>\n<p><a href=\"https:\/\/www.advocard.de\/service\/kuendigungs-check\/\">Ist die K\u00fcndigung oder Abmahnung rechtens? Besteht wom\u00f6glich ein Anspruch auf Abfindung? Mach den Check mit ADVOCARD. <\/a><\/p>\n<\/div>\n\n\n<p>Wichtig: <strong>Die K\u00fcndigung muss das mildeste Mittel der Wahl sein.<\/strong> Das hei\u00dft, dass sie im Vergleich zu anderen L\u00f6sungen die Besch\u00e4ftigten so wenig wie m\u00f6glich belastet. Eine K\u00fcndigung darf zudem erst dann zum Tragen kommen, wenn andere Ma\u00dfnahmen nicht helfen oder umsetzbar sind. So k\u00f6nnte beispielsweise die Einrichtung eines leidensgerechten Arbeitsplatzes Abhilfe schaffen.<\/p>\n\n\n\n<p><strong>Betriebliches Eingliederungsmanagement nach Arbeitsunf\u00e4higkeit<\/strong><\/p>\n\n\n\n<p>Eine Abmahnung ist vor einer krankheitsbedingten K\u00fcndigung zwar nicht erforderlich. Allerdings m\u00fcssen Arbeitgeber gewisse Eingliederungsma\u00dfnahmen vornehmen, um einer erneuten Arbeitsunf\u00e4higkeit oder l\u00e4ngeren Fehlzeiten ihrer Besch\u00e4ftigten vorzubeugen. So sieht es das \u201cbetriebliche Eingliederungsmanagement\u201d (BEM) vor. Das Ziel ist laut <a href=\"https:\/\/www.gesetze-im-internet.de\/sgb_9_2018\/__167.html\">\u00a7 167 Abs.2 Satz 1 Neun\u00adtes Buch So\u00adzi\u00adal\u00adge\u00adsetz\u00adbuch (SGB IX)<\/a> die Arbeitsplatzsicherung der Betroffenen nach langer Fehlzeit mit nachgewiesener Arbeitsunf\u00e4higkeit.<\/p>\n\n\n\n<figure class=\"wp-block-image size-large\"><img loading=\"lazy\" decoding=\"async\" width=\"1024\" height=\"472\" src=\"https:\/\/www.advocard.de\/streitlotse\/wp-content\/uploads\/2015\/04\/Streitlotse-Ku\u0308ndigung-wegen-Krankheit-seb_ra-1024x472.jpg\" alt=\"Anw\u00e4ltin erkl\u00e4rt Mandant einen Vertrag.\" class=\"wp-image-23227\" title=\"K\u00fcndigung wegen Krankheit: Voraussetzungen und Hintergr\u00fcnde\" srcset=\"https:\/\/www.advocard.de\/streitlotse\/wp-content\/uploads\/2015\/04\/Streitlotse-Ku\u0308ndigung-wegen-Krankheit-seb_ra-1024x472.jpg 1024w, https:\/\/www.advocard.de\/streitlotse\/wp-content\/uploads\/2015\/04\/Streitlotse-Ku\u0308ndigung-wegen-Krankheit-seb_ra-300x138.jpg 300w, https:\/\/www.advocard.de\/streitlotse\/wp-content\/uploads\/2015\/04\/Streitlotse-Ku\u0308ndigung-wegen-Krankheit-seb_ra-768x354.jpg 768w, https:\/\/www.advocard.de\/streitlotse\/wp-content\/uploads\/2015\/04\/Streitlotse-Ku\u0308ndigung-wegen-Krankheit-seb_ra.jpg 1140w\" sizes=\"(max-width: 1024px) 100vw, 1024px\"><figcaption>\u00a9 iStock\/simpson33<\/figcaption><\/figure>\n\n\n\n<p><strong>K\u00fcndigung wegen Krankheit: Abfindung m\u00f6glich?<\/strong><\/p>\n\n\n\n<p>Anspruch auf eine Abfindung haben Arbeitnehmer und Arbeitnehmerinnen in Deutschland nur, wenn sie in ihrem Tarif- oder Arbeitsvertrag steht. In dem Fall wird sie auch bei krankheitsbedingter K\u00fcndigung f\u00e4llig.<\/p>\n\n\n\n<p>Dar\u00fcber hinaus zahlen manche Arbeitgeber Abfindungen, um eine K\u00fcndigungsschutzklage zu verhindern oder ein laufendes Gerichtsverfahren zu verk\u00fcrzen. <a href=\"https:\/\/www.advocard.de\/service\/anwaltssuche\/\">Wende dich im Zweifelsfall am besten an eine Anw\u00e4ltin oder einen Anwalt<\/a>.<\/p>\n\n\n<div class=\"fazitbox\">\n<div class=\"fazitbox-titel\">FAZIT<\/div>\n<ul>\n<li>Eine krank\u00adheits\u00adbe\u00adding\u00adte K\u00fcndigung ist m\u00f6glich, muss aber von Arbeit\u00adge\u00adber\u00adsei\u00adte aus gut begr\u00fcndet sein.<\/li>\n<li>Die Gr\u00fcnde f\u00fcr eine K\u00fcndigung k\u00f6nnen h\u00e4ufige Kurz- oder Lang\u00adzeit\u00ader\u00adkran\u00adkun\u00adgen, eine krank\u00adheits\u00adbe\u00adding\u00adte Minderung der Arbeits\u00adf\u00e4\u00adhig\u00adkeit und dau\u00ader\u00adhaf\u00adte Arbeits\u00adun\u00adf\u00e4\u00adhig\u00adkeit&nbsp;sein.<\/li>\n<li>Eine krank\u00adheits\u00adbe\u00adding\u00adte K\u00fcndigung muss immer das mildeste Mittel der Wahl&nbsp;sein.<\/li>\n<\/ul>\n<\/div>","protected":false},"excerpt":{"rendered":"<p>Klar, jeder ist mal krank und dann arbeitsunf\u00e4hig. Das ist so normal, dass sich die meisten dabei keine Sorgen um ihren Job machen. Sie f\u00fchlen sich sicher, weil sie glauben, eine Krankheit sch\u00fctze sie vor einer K\u00fcndigung. Doch damit liegen sie unter Umst\u00e4nden falsch. Und zwar dann, wenn ihre Fehlzeiten eine gewisse Grenze pro Jahr [\u2026]<\/p>\n","protected":false},"author":1,"featured_media":0,"comment_status":"open","ping_status":"open","sticky":false,"template":"","format":"standard","meta":{"_acf_changed":false,"wp_typography_post_enhancements_disabled":false,"footnotes":""},"categories":[3,14,67],"tags":[],"acf":[],"_links":{"self":[{"href":"https:\/\/www.advocard.de\/streitlotse\/wp-json\/wp\/v2\/posts\/5866"}],"collection":[{"href":"https:\/\/www.advocard.de\/streitlotse\/wp-json\/wp\/v2\/posts"}],"about":[{"href":"https:\/\/www.advocard.de\/streitlotse\/wp-json\/wp\/v2\/types\/post"}],"author":[{"embeddable":true,"href":"https:\/\/www.advocard.de\/streitlotse\/wp-json\/wp\/v2\/users\/1"}],"replies":[{"embeddable":true,"href":"https:\/\/www.advocard.de\/streitlotse\/wp-json\/wp\/v2\/comments?post=5866"}],"version-history":[{"count":6,"href":"https:\/\/www.advocard.de\/streitlotse\/wp-json\/wp\/v2\/posts\/5866\/revisions"}],"predecessor-version":[{"id":23230,"href":"https:\/\/www.advocard.de\/streitlotse\/wp-json\/wp\/v2\/posts\/5866\/revisions\/23230"}],"wp:attachment":[{"href":"https:\/\/www.advocard.de\/streitlotse\/wp-json\/wp\/v2\/media?parent=5866"}],"wp:term":[{"taxonomy":"category","embeddable":true,"href":"https:\/\/www.advocard.de\/streitlotse\/wp-json\/wp\/v2\/categories?post=5866"},{"taxonomy":"post_tag","embeddable":true,"href":"https:\/\/www.advocard.de\/streitlotse\/wp-json\/wp\/v2\/tags?post=5866"}],"curies":[{"name":"wp","href":"https:\/\/api.w.org\/{rel}","templated":true}]}}