{"id":5758,"date":"2021-06-04T09:00:01","date_gmt":"2021-06-04T08:00:01","guid":{"rendered":"http:\/\/www.advocard.de\/streitlotse\/mieten-und-wohnen\/baum-faellen-auf-dem-eigenen-grundstueck-baumschutzverordnung-beachten\/"},"modified":"2021-06-10T16:25:53","modified_gmt":"2021-06-10T15:25:53","slug":"baum-faellen-auf-dem-eigenen-grundstueck-baumschutzverordnung-beachten","status":"publish","type":"post","link":"https:\/\/www.advocard.de\/streitlotse\/mieten-und-wohnen\/baum-faellen-auf-dem-eigenen-grundstueck-baumschutzverordnung-beachten\/","title":{"rendered":"Baum f\u00e4llen auf dem eigenen Grund\u00adst\u00fcck: Baum\u00adschutz\u00adver\u00adord\u00adnung beachten"},"content":{"rendered":"<p>Die hohe Pappel im Garten wirft allm\u00e4hlich lange Schatten auf die Terrasse, die alte Eiche an der Grundst\u00fccksgrenze sorgt f\u00fcr \u00c4rger mit dem Nachbarn? Insbesondere gro\u00dfe B\u00e4ume k\u00f6nnen f\u00fcr Gartenbesitzer zum Problem werden. Sie einfach kurzerhand zu f\u00e4llen, ist oft keine Option. Denn auch wenn es sich um dein Privatgrundst\u00fcck handelt, kann dies verboten oder nur mit beh\u00f6rdlicher Genehmigung erlaubt sein. Mehr dar\u00fcber erf\u00e4hrst du in diesem Streitlotse-Ratgeber.<\/p>\n<p><a href=\"https:\/\/www.advocard.de\/360-grad\/\">Bei Streit am Gartenzaun machen wir uns f\u00fcr deine Rechte stark. &gt;&gt;<\/a><\/p>\n<h2>Gesetz\u00adli\u00adche Vorgaben zum F\u00e4llen von B\u00e4umen: Baum\u00adschutz\u00adver\u00adord\u00adnung und Bundesnaturschutzgesetz<\/h2>\n<p>In vielen St\u00e4dten und Gemeinden gelten sogenannte Baumschutzverordnungen oder Baumschutzsatzungen, die das <strong>F\u00e4llen oder Zur\u00fcckschneiden von Geh\u00f6lzen ab einer bestimmten Gr\u00f6\u00dfe oder einem bestimmten Alter verbieten<\/strong> oder genehmigungspflichtig machen. Die Inhalte dieser Satzungen gestalten die \u00f6rtlichen Beh\u00f6rden selbst, daher sind Baumschutzverordnung bundesweit unterschiedlich.&nbsp;<a href=\"https:\/\/www.advocard.de\/info\/privat\/\"><img loading=\"lazy\" decoding=\"async\" class=\"alignright wp-image-21284 size-full\" title=\"Die private Rechtsschutzversicherung von ADVOCARD\" src=\"https:\/\/www.advocard.de\/streitlotse\/wp-content\/uploads\/2020\/10\/201019_Advocard_Teaser_Absicherung.jpg\" alt=\"Die private Rechtsschutzversicherung von ADVOCARD\" width=\"300\" height=\"190\"><\/a><\/p>\n<p>In den meisten F\u00e4llen greifen die Regelungen ab bestimmten Stammumf\u00e4ngen oder H\u00f6hen. H\u00e4ufig d\u00fcrfen B\u00e4ume beispielsweise ab einem Stammumfang von 80 Zentimetern (in einem Meter H\u00f6he \u00fcber dem Boden gemessen) nicht ohne Genehmigung gef\u00e4llt werden. Teilweise sind bestimmte Arten, zum Beispiel Obst- und Nadelb\u00e4ume, vom Baumschutz ausgenommen. Auch <strong>kleine, noch junge B\u00e4ume k\u00f6nnen meist problemlos gef\u00e4llt werden.<\/strong><\/p>\n<p>Unabh\u00e4ngig von der \u00f6rtlichen Baumschutzverordnung muss bei der Beseitigung st\u00f6render B\u00e4ume in jedem Fall das Bundesnaturschutzgesetz (BNatSchG) beachtet werden. Das <strong>verbietet n\u00e4mlich in \u00a7 39 das F\u00e4llen von B\u00e4umen im Zeitraum vom 1. M\u00e4rz bis zum 30. September grunds\u00e4tzlich.<\/strong> Hintergrund ist der <a href=\"https:\/\/www.advocard.de\/streitlotse\/mieten-und-wohnen\/bestandsschutz-hecke-schneiden-nur-noch-bis-ende-februar-erlaubt\/\">Bestandsschutz<\/a> von wild lebenden Tieren und Pflanzen. In den \u00f6rtlichen Baumschutzverordnungen kann dieses F\u00e4llverbot noch verl\u00e4ngert werden. Frage also im Zweifelsfall lieber noch einmal bei der Stadt- oder Gemeindeverwaltung nach, bis wann du B\u00e4ume f\u00e4llen darfst, die nicht unter die Baumschutzverordnung fallen.<\/p>\n<div id=\"attachment_22070\" style=\"width: 1034px\" class=\"wp-caption aligncenter\"><img loading=\"lazy\" decoding=\"async\" aria-describedby=\"caption-attachment-22070\" class=\"size-large wp-image-22070\" src=\"https:\/\/www.advocard.de\/streitlotse\/wp-content\/uploads\/2015\/04\/Streitlotse-Baum-fa\u0308llen-auf-eigenem-Grundstu\u0308ck-aga7ta-1024x472.jpg\" alt=\"Abgebrochener Baunstamm\" width=\"1024\" height=\"472\" srcset=\"https:\/\/www.advocard.de\/streitlotse\/wp-content\/uploads\/2015\/04\/Streitlotse-Baum-fa\u0308llen-auf-eigenem-Grundstu\u0308ck-aga7ta-1024x472.jpg 1024w, https:\/\/www.advocard.de\/streitlotse\/wp-content\/uploads\/2015\/04\/Streitlotse-Baum-fa\u0308llen-auf-eigenem-Grundstu\u0308ck-aga7ta-300x138.jpg 300w, https:\/\/www.advocard.de\/streitlotse\/wp-content\/uploads\/2015\/04\/Streitlotse-Baum-fa\u0308llen-auf-eigenem-Grundstu\u0308ck-aga7ta-768x354.jpg 768w, https:\/\/www.advocard.de\/streitlotse\/wp-content\/uploads\/2015\/04\/Streitlotse-Baum-fa\u0308llen-auf-eigenem-Grundstu\u0308ck-aga7ta.jpg 1140w\" sizes=\"(max-width: 1024px) 100vw, 1024px\"><p id=\"caption-attachment-22070\" class=\"wp-caption-text\">\u00a9istock.com\/aga7ta<\/p><\/div>\n<h2>Aus\u00adnah\u00adme\u00adge\u00adneh\u00admi\u00adgun\u00adgen sind m\u00f6glich \u2013 aber nur bei wichtigen Gr\u00fcnden<\/h2>\n<p>Gartenbesitzer, die entgegen der gesetzlichen Regelungen einen Baum auf ihrem Grundst\u00fcck f\u00e4llen m\u00f6chten, ben\u00f6tigen daf\u00fcr eine Genehmigung der zust\u00e4ndigen Beh\u00f6rde. Diese wird allerdings nur erteilt, wenn wichtige Gr\u00fcnde f\u00fcr die Beseitigung des Problem-Baums vorliegen. Das kann der Fall sein, wenn er infolge eines <a href=\"https:\/\/www.advocard.de\/streitlotse\/mieten-und-wohnen\/sommergewitter-im-anmarsch-was-tun-bei-unwetterschaeden\/\">Blitzeinschlags<\/a> schwer besch\u00e4digt wurde oder krank und deshalb morsch ist.<\/p>\n<p>Vereinfacht gesagt: <strong>Nur dann, wenn eine Gef\u00e4hrdung von einem Baum ausgeht, ist eine Ausnahmegenehmigung zum F\u00e4llen m\u00f6glich.<\/strong> Ist dann schnelles Handeln erforderlich, solltest du dich <strong>an das Ordnungsamt wenden<\/strong>, um das weitere Vorgehen abzukl\u00e4ren. Wenn ein Baum seit vielen Jahren unbehelligt an der Grundst\u00fccksgrenze gewachsen ist, aber nun den neuen Nachbarn st\u00f6rt, ist das meist kein Grund f\u00fcr eine Ausnahmegenehmigung. Wirft dieser Baum allerdings sehr viel Laub, Zapfen etc. auf das Nachbargrundst\u00fcck ab, kann dessen Besitzer m\u00f6glicherweise eine <a href=\"https:\/\/www.advocard.de\/streitlotse\/mieten-und-wohnen\/nachbarschaftsstreit\/laubrente-was-ist-das-und-wann-bekommt-man-sie\/\">Laubrente<\/a> als Entsch\u00e4digung fordern.<\/p>\n<p>Apropos Nachbar: Wenn du einen <a href=\"https:\/\/www.advocard.de\/streitlotse\/mieten-und-wohnen\/felix-elon-und-co-nachbarschaftsstreit-bei-sturmschaeden-vermeiden\/\">Baum auf der Grundst\u00fccksgrenze<\/a> entfernen willst, brauchst du daf\u00fcr die Zustimmung des Anrainers.<\/p>\n<h2>Strafen bei wider\u00adrecht\u00adli\u00adchem F\u00e4llen eines Baumes<\/h2>\n<p>Um auf der sicheren Seite zu sein, solltest du dich <strong>vor jeder geplanten Baumf\u00e4llung bei den \u00f6rtlichen Verwaltungsbeh\u00f6rden erkundigen<\/strong>, ob dies zul\u00e4ssig ist. Denn wenn du unerlaubt einen Baum beseitigst oder auch nur besch\u00e4digst, droht eine Strafe. Die H\u00f6he h\u00e4ngt von der Schwere des Vergehens und den jeweiligen Landesregelungen ab. In einigen Bundesl\u00e4ndern gehen die Ordnungsgelder bis in den f\u00fcnfstelligen Bereich.<\/p>\n<h2>Was gilt bei Mehrfamilienh\u00e4usern?<\/h2>\n<p>Um einen Baum auf dem eigenen Privatgrundst\u00fcck f\u00e4llen zu d\u00fcrfen, m\u00fcssen oft einige H\u00fcrden \u00fcberwunden werden. Noch ein wenig gr\u00f6\u00dfer ist der Abstimmungsaufwand f\u00fcr Besitzer von Eigentumswohnungen. Selbst wenn sie ein Sondernutzungsrecht f\u00fcr den Garten haben,<strong> muss die Eigent\u00fcmerversammlung in der Regel mehrheitlich zustimmen<\/strong>, wenn ein bestimmter Baum gef\u00e4llt werden soll. Missachtest du das, k\u00f6nnen die Miteigent\u00fcmer m\u00f6glicherweise Schadensersatzanspr\u00fcche an dich stellen.<\/p>\n<div class=\"fazitbox\">\n<div class=\"fazitbox-titel\">Fazit<\/div>\n<ul>\n<li>Das Bun\u00addes\u00adna\u00adtur\u00adschutz\u00adge\u00adsetz verbietet das F\u00e4llen von B\u00e4umen grund\u00ads\u00e4tz\u00adlich vom 1. M\u00e4rz bis 30. September. Ausnahmen sind nur bei akuter Gefahr durch einen Baum m\u00f6glich.<\/li>\n<li>In vielen Kommunen gibt es Baum\u00adschutz\u00adver\u00adord\u00adnun\u00adgen, die genaue Bedin\u00adgun\u00adgen und Fristen f\u00fcr das F\u00e4llen von B\u00e4umen enthalten. Gar\u00adten\u00adbe\u00adsit\u00adzer sollten sich deshalb vorab unbedingt bei den \u00f6rtlichen Beh\u00f6rden nach den Vor\u00adschrif\u00adten erkun\u00addi\u00adgen und eine Geneh\u00admi\u00adgung f\u00fcr ihr Vorhaben einholen.<\/li>\n<li>Ins\u00adbe\u00adson\u00adde\u00adre gro\u00dfe und alte B\u00e4ume d\u00fcrfen meist nicht gef\u00e4llt werden, Obst- und teilweise auch Nadel\u00adb\u00e4u\u00adme sind davon oft ausgenommen.<\/li>\n<li>Beim wider\u00adrecht\u00adli\u00adchen F\u00e4llen von B\u00e4umen k\u00f6nnen hohe Geld\u00adstra\u00adfen f\u00e4llig werden.<\/li>\n<\/ul>\n<\/div>\n","protected":false},"excerpt":{"rendered":"<p>Die hohe Pappel im Garten wirft allm\u00e4hlich lange Schatten auf die Terrasse, die alte Eiche an der Grundst\u00fccksgrenze sorgt f\u00fcr \u00c4rger mit dem Nachbarn? Insbesondere gro\u00dfe B\u00e4ume k\u00f6nnen f\u00fcr Gartenbesitzer zum Problem werden. Sie einfach kurzerhand zu f\u00e4llen, ist oft keine Option. Denn auch wenn es sich um dein Privatgrundst\u00fcck handelt, kann dies verboten oder [\u2026]<\/p>\n","protected":false},"author":1,"featured_media":0,"comment_status":"open","ping_status":"open","sticky":false,"template":"","format":"standard","meta":{"_acf_changed":false,"wp_typography_post_enhancements_disabled":false,"footnotes":""},"categories":[2,11],"tags":[],"acf":[],"_links":{"self":[{"href":"https:\/\/www.advocard.de\/streitlotse\/wp-json\/wp\/v2\/posts\/5758"}],"collection":[{"href":"https:\/\/www.advocard.de\/streitlotse\/wp-json\/wp\/v2\/posts"}],"about":[{"href":"https:\/\/www.advocard.de\/streitlotse\/wp-json\/wp\/v2\/types\/post"}],"author":[{"embeddable":true,"href":"https:\/\/www.advocard.de\/streitlotse\/wp-json\/wp\/v2\/users\/1"}],"replies":[{"embeddable":true,"href":"https:\/\/www.advocard.de\/streitlotse\/wp-json\/wp\/v2\/comments?post=5758"}],"version-history":[{"count":13,"href":"https:\/\/www.advocard.de\/streitlotse\/wp-json\/wp\/v2\/posts\/5758\/revisions"}],"predecessor-version":[{"id":22072,"href":"https:\/\/www.advocard.de\/streitlotse\/wp-json\/wp\/v2\/posts\/5758\/revisions\/22072"}],"wp:attachment":[{"href":"https:\/\/www.advocard.de\/streitlotse\/wp-json\/wp\/v2\/media?parent=5758"}],"wp:term":[{"taxonomy":"category","embeddable":true,"href":"https:\/\/www.advocard.de\/streitlotse\/wp-json\/wp\/v2\/categories?post=5758"},{"taxonomy":"post_tag","embeddable":true,"href":"https:\/\/www.advocard.de\/streitlotse\/wp-json\/wp\/v2\/tags?post=5758"}],"curies":[{"name":"wp","href":"https:\/\/api.w.org\/{rel}","templated":true}]}}