{"id":5194,"date":"2015-02-05T08:02:02","date_gmt":"2015-02-05T08:02:02","guid":{"rendered":"http:\/\/www.advocard.de\/streitlotse\/mieten-und-wohnen\/kuendigung-wegen-eigenbedarf-rechte-von-vermietern-gestaerkt\/"},"modified":"2015-06-30T15:05:20","modified_gmt":"2015-06-30T13:05:20","slug":"kuendigung-wegen-eigenbedarf-rechte-von-vermietern-gestaerkt","status":"publish","type":"post","link":"https:\/\/www.advocard.de\/streitlotse\/mieten-und-wohnen\/kuendigung-wegen-eigenbedarf-rechte-von-vermietern-gestaerkt\/","title":{"rendered":"K\u00fcndigung wegen Eigen\u00adbe\u00addarf: Rechte von Ver\u00admie\u00adtern gest\u00e4rkt"},"content":{"rendered":"<p>Im Streit um die <a title=\"Warum ein Mietrechtsschutz?\" href=\"https:\/\/www.advocard.de\/mietrechtsschutz.html#!nebenkostenabrechnung\">K\u00fcndigung einer Mietwohnung<\/a> hat der Bundesgerichtshof nun ein Urteil gef\u00e4llt: Die K\u00fcndigung wegen Eigenbedarf durch den Vermieter ist zul\u00e4ssig \u2013 selbst wenn diese Option bei Abschluss des Mietvertrags nicht explizit vermerkt wurde.<\/p>\n<p><a title=\"Advocard \u2013 Beratung\" href=\"https:\/\/www.advocard.de\/berater-vor-ort.html\">Sie wollen Eigenbedarf geltend machen? Lassen Sie sich beraten. &gt;&gt;<\/a><\/p>\n<p>Der BGH hob mit seiner Entscheidung (AZ VIII ZR 154\/14) ein Urteil des Landgerichts Mannheim vom April 2014 auf, das zuvor die K\u00fcndigung einer Mietwohnung f\u00fcr rechtswidrig erkl\u00e4rt hatte. In dem strittigen Fall zog ein Mieter <a href=\"https:\/\/www.advocard.de\/wohnungs-rechtsschutz.html\">vor Gericht<\/a>, weil sein Vermieter ihm eine K\u00fcndigung wegen Eigenbedarf vorgelegt hatte. Der <a href=\"https:\/\/www.advocard.de\/streitlotse\/mieten-und-wohnen\/einlass-zu-den-eigenen-vier-waenden-freifahrtschein-fuer-vermieter\/\">Vermieter<\/a> wollte die zuvor vermietete Zweizimmerwohnung an seine 20-j\u00e4hrige Tochter geben und k\u00fcndigte dem Mieter aus diesem Grund den zwei Jahre zuvor geschlossenen <a href=\"https:\/\/www.advocard.de\/streitlotse\/mieten-und-wohnen\/mietrecht-worauf-achten-bei-mietvertrag-oder-mietminderung\/\">Mietvertrag<\/a>.<\/p>\n<p>Entgegen des Urteils des Landgerichts, entschieden die BGH-Richter nun in letzter Instanz zugunsten des Vermieters. In der Verhandlung vor dem obersten Gerichtshof wurde zur Begr\u00fcndung des Urteils die \"Unberechenbarkeit der heutigen Jugend\" angef\u00fchrt: Der <a href=\"https:\/\/www.advocard.de\/fallbeispiel-wohnungs-und-haus-rechtsschutz.html\">Vermieter<\/a> habe bei Abschluss des Mietvertrags nicht wissen k\u00f6nnen, dass er seine Eigentumswohnung sp\u00e4ter f\u00fcr eigene Zwecke brauchen w\u00fcrde. Es gebe zudem keine gesetzliche Pflicht, einen sp\u00e4ter eintretenden Eigenbedarf bereits bei Vertragsschluss f\u00fcr eine Mietwohnung erkennen zu m\u00fcssen. Die K\u00fcndigung wegen Eigenbedarf ist deshalb legitim und muss nicht jahrelang im Voraus geplant werden. Viele <a href=\"https:\/\/www.advocard.de\/rund-um-die-anwaltsuche.html\">juristische Experten<\/a> hatten bislang genau das angenommen.<\/p>\n<p>Das Landgericht Mannheim muss nun erneut \u00fcber den Fall verhandeln.<\/p>\n","protected":false},"excerpt":{"rendered":"<p>Im Streit um die K\u00fcndigung einer Mietwohnung hat der Bundesgerichtshof nun ein Urteil gef\u00e4llt: Die K\u00fcndigung wegen Eigenbedarf durch den Vermieter ist zul\u00e4ssig \u2013 selbst wenn diese Option bei Abschluss des Mietvertrags nicht explizit vermerkt wurde. Sie wollen Eigenbedarf geltend machen? Lassen Sie sich beraten. &gt;&gt; Der BGH hob mit seiner Entscheidung (AZ VIII ZR [\u2026]<\/p>\n","protected":false},"author":1,"featured_media":0,"comment_status":"open","ping_status":"open","sticky":false,"template":"","format":"standard","meta":{"_acf_changed":false,"wp_typography_post_enhancements_disabled":false,"footnotes":""},"categories":[8,2],"tags":[],"acf":[],"_links":{"self":[{"href":"https:\/\/www.advocard.de\/streitlotse\/wp-json\/wp\/v2\/posts\/5194"}],"collection":[{"href":"https:\/\/www.advocard.de\/streitlotse\/wp-json\/wp\/v2\/posts"}],"about":[{"href":"https:\/\/www.advocard.de\/streitlotse\/wp-json\/wp\/v2\/types\/post"}],"author":[{"embeddable":true,"href":"https:\/\/www.advocard.de\/streitlotse\/wp-json\/wp\/v2\/users\/1"}],"replies":[{"embeddable":true,"href":"https:\/\/www.advocard.de\/streitlotse\/wp-json\/wp\/v2\/comments?post=5194"}],"version-history":[{"count":2,"href":"https:\/\/www.advocard.de\/streitlotse\/wp-json\/wp\/v2\/posts\/5194\/revisions"}],"predecessor-version":[{"id":7446,"href":"https:\/\/www.advocard.de\/streitlotse\/wp-json\/wp\/v2\/posts\/5194\/revisions\/7446"}],"wp:attachment":[{"href":"https:\/\/www.advocard.de\/streitlotse\/wp-json\/wp\/v2\/media?parent=5194"}],"wp:term":[{"taxonomy":"category","embeddable":true,"href":"https:\/\/www.advocard.de\/streitlotse\/wp-json\/wp\/v2\/categories?post=5194"},{"taxonomy":"post_tag","embeddable":true,"href":"https:\/\/www.advocard.de\/streitlotse\/wp-json\/wp\/v2\/tags?post=5194"}],"curies":[{"name":"wp","href":"https:\/\/api.w.org\/{rel}","templated":true}]}}