{"id":4752,"date":"2022-02-08T09:00:00","date_gmt":"2022-02-08T08:00:00","guid":{"rendered":"http:\/\/www.advocard.de\/streitlotse\/arbeit-und-karriere\/anspruch-auf-bildungsurlaub-diese-rechte-haben-arbeitnehmer\/"},"modified":"2022-02-08T10:17:14","modified_gmt":"2022-02-08T09:17:14","slug":"anspruch-auf-bildungsurlaub-diese-rechte-haben-arbeitnehmer","status":"publish","type":"post","link":"https:\/\/www.advocard.de\/streitlotse\/arbeit-und-karriere\/anspruch-auf-bildungsurlaub-diese-rechte-haben-arbeitnehmer\/","title":{"rendered":"Anspruch auf Bil\u00addungs\u00adur\u00adlaub: Wie viel steht mir&nbsp;zu?"},"content":{"rendered":"\n<p>Viele Berufst\u00e4tige in Deutschland haben einen Anspruch auf Bildungsurlaub. Die Voraussetzungen daf\u00fcr unterscheiden sich allerdings von Bundesland zu Bundesland. Hier erf\u00e4hrst du, welche Regeln f\u00fcr diese Form der beruflichen Weiterbildung gelten, wer daf\u00fcr bezahlt und wie viele Tage du daf\u00fcr frei bekommen kannst.<\/p>\n\n\n\n<p><a href=\"https:\/\/www.advocard.de\/berufsrechtsschutz\/\">Du m\u00f6chtest Bildungsurlaub machen, aber dein Arbeitgeber ist dagegen? Wir st\u00e4rken deine Rechte. &gt;&gt;<\/a><\/p>\n\n\n\n<div class=\"wp-block-image\"><figure class=\"alignright size-full\"><a href=\"https:\/\/www.advocard.de\/info\/arbeit\/\" target=\"_blank\" rel=\"noopener\"><img loading=\"lazy\" decoding=\"async\" width=\"300\" height=\"190\" src=\"https:\/\/www.advocard.de\/streitlotse\/wp-content\/uploads\/2020\/10\/201019_Advocard_Teaser_Arbeit.jpg\" alt=\"Alle Informationen zur Arbeitsrechtsschutz von ADVOCARD\" class=\"wp-image-21290\" title=\"Alle Informationen zur Arbeitsrechtsschutz von ADVOCARD\"><\/a><\/figure><\/div>\n\n\n\n<h2 class=\"wp-block-heading\"><a><\/a>Bil\u00addungs\u00adur\u00adlaub \u2013 was ist&nbsp;das?<\/h2>\n\n\n\n<p>Bildungsurlaub ist Zeit, die du im Job f\u00fcr deine <a href=\"https:\/\/www.advocard.de\/streitlotse\/arbeit-und-karriere\/weiterbildung-diese-rechte-haben-arbeitnehmer\/\">Weiterbildung<\/a> nutzen kannst. Das Besondere: Dein Unternehmen muss dir f\u00fcr geeignete Seminare freigeben und w\u00e4hrend der Ma\u00dfnahme weiter dein Gehalt zahlen.<\/p>\n\n\n\n<p>Der Grundstein f\u00fcr das <strong>Recht auf bezahlten Bildungsurlaub<\/strong> wurde urspr\u00fcnglich im \u00dcbereinkommen Nr. 140 der Internationalen Arbeitsorganisation (ILO) gelegt. Die Bundesrepublik Deutschland verpflichtete sich 1974 dazu, Werkt\u00e4tigen einen Anspruch auf Bildungsurlaub einzur\u00e4umen, sodass sie sich beruflich, politisch und gewerkschaftlich weiterbilden k\u00f6nnen. Da die Bundesregierung jedoch kein Gesetz dazu verabschiedete, nahmen die L\u00e4nder dies selbst in die Hand und formulierten zum Bildungsurlaub eigene Gesetze.<\/p>\n\n\n\n<h2 class=\"wp-block-heading\"><a><\/a>Wer hat einen Anspruch auf Bildungsurlaub?<\/h2>\n\n\n\n<p>Die Bestimmungen der Bundesl\u00e4nder zum Bildungsurlaub \u00e4hneln sich in weiten Teilen. Daher an dieser Stelle einige wichtige Punkte, die so oder so \u00e4hnlich in den meisten Bundesl\u00e4ndern gelten.<\/p>\n\n\n\n<ul><li>In der Regel haben nur Fest\u00adan\u00adge\u00adstell\u00adte auf Bil\u00addungs\u00adur\u00adlaub Anspruch.<\/li><li>Das Arbeits\u00adver\u00adh\u00e4lt\u00adnis muss min\u00addes\u00adtens zwischen sechs Monaten und zwei Jahren bestehen \u2013 je nach Bundesland.<\/li><li>F\u00fcr Beamte und Aus\u00adzu\u00adbil\u00adden\u00adde gelten geson\u00adder\u00adte Bedingungen.<\/li><li>Ent\u00adschei\u00addend ist f\u00fcr den Anspruch auf Bil\u00addungs\u00adur\u00adlaub ist der jeweilige Arbeits\u00adort, nicht der Wohnort der Besch\u00e4ftigten.<\/li><li>Der Anspruch entf\u00e4llt teils bei Klein\u00adun\u00adter\u00adneh\u00admen mit weniger als f\u00fcnf oder zehn Besch\u00e4ftigten.<\/li><li>Als Bil\u00addungs\u00adur\u00adlaub anerkannt sind Angebote, die mit der jewei\u00adli\u00adgen beruf\u00adli\u00adchen T\u00e4tigkeit zusam\u00admen\u00adh\u00e4n\u00adgen, aber auch Lehrg\u00e4nge zur poli\u00adti\u00adschen Bildung oder f\u00fcr per\u00ads\u00f6n\u00adli\u00adche Zwecke sowie zur Vor\u00adbe\u00adrei\u00adtung auf <a href=\"https:\/\/www.advocard.de\/streitlotse\/arbeit-und-karriere\/ehrenamt-wie-laesst-sich-das-soziale-engagement-mit-dem-job-vereinbaren\/\">ehren\u00adamt\u00adli\u00adche Dienste<\/a>.<\/li><\/ul>\n\n\n\n<h2 class=\"wp-block-heading\"><a><\/a>Wie viel Bil\u00addungs\u00adur\u00adlaub steht Arbeit\u00adneh\u00admern&nbsp;zu?<\/h2>\n\n\n\n<p><a><\/a>In den meisten Bundesl\u00e4ndern bel\u00e4uft sich der grunds\u00e4tzliche Anspruch entweder auf <strong>f\u00fcnf Tage pro Kalenderjahr oder zehn Tage innerhalb von zwei Jahren<\/strong>. Allerdings gelten innerhalb von Betrieben unter Umst\u00e4nden gewisse <strong>Kontingente<\/strong> an Bildungsurlaub, die die Belegschaft nutzen darf. Ist diese Menge an Tagen aufgebraucht, k\u00f6nnen weitere Antr\u00e4ge abgelehnt werden.<\/p>\n\n\n\n<p><a><\/a>In einigen L\u00e4ndern kannst du nicht genommene Tage f\u00fcr den <strong>Bildungsurlaub ins n\u00e4chste Jahr \u00fcbertragen<\/strong>. Auch m\u00f6glich: Du fasst deinen Anspruch auf Bildungsurlaub von zwei Jahren zusammen, um in einem Jahr beispielsweise ein zehnt\u00e4giges Angebot zu nutzen. Voraussetzung daf\u00fcr ist oft, dass du dies deinem Arbeitgeber in jenem Jahr, in dem du den l\u00e4ngeren Bildungsurlaub antreten willst, schriftlich mitteilst. Wechselst du deinen Job, kannst du die bei deinem alten Arbeitgeber aufgelaufenen Zeiten f\u00fcr Bildungsurlaub nicht mitnehmen. Es gelten dann f\u00fcr dich die Bestimmungen deines neuen Arbeitgebers.<\/p>\n\n\n\n<p>Mehr zu den einzelnen Richtlinien f\u00fcr dein Land erf\u00e4hrst du beim <a href=\"https:\/\/www.iwwb.de\/information\/Bildungsurlaub-in-Deutschland-weiterbildung-26.html\">Deutschen Bildungsserver<\/a>. \u00dcbrigens: <strong>Liegt dein Arbeitsplatz in Bayern oder Sachsen, hast du keinen gesetzlichen Anspruch auf Bildungsurlaub<\/strong>. In beiden L\u00e4ndern gibt es dahingehend weder ein Gesetz noch eine andere Rechtsgrundlage. Hier kommt es auf die Regelung bei deinem Arbeitgeber an.<\/p>\n\n\n\n<figure class=\"wp-block-image size-large\"><img loading=\"lazy\" decoding=\"async\" width=\"1024\" height=\"472\" src=\"https:\/\/www.advocard.de\/streitlotse\/wp-content\/uploads\/2014\/12\/Aktu_Anspruch-auf-Bildungsurlaub_Inlay1-skynesher-1024x472.jpeg\" alt=\"Lehrer und zwei Sch\u00fcler lernen am Laptop.\" class=\"wp-image-23207\" title=\"Anspruch auf Bildungsurlaub: Wie viel steht mir zu?\" srcset=\"https:\/\/www.advocard.de\/streitlotse\/wp-content\/uploads\/2014\/12\/Aktu_Anspruch-auf-Bildungsurlaub_Inlay1-skynesher-1024x472.jpeg 1024w, https:\/\/www.advocard.de\/streitlotse\/wp-content\/uploads\/2014\/12\/Aktu_Anspruch-auf-Bildungsurlaub_Inlay1-skynesher-300x138.jpeg 300w, https:\/\/www.advocard.de\/streitlotse\/wp-content\/uploads\/2014\/12\/Aktu_Anspruch-auf-Bildungsurlaub_Inlay1-skynesher-768x354.jpeg 768w, https:\/\/www.advocard.de\/streitlotse\/wp-content\/uploads\/2014\/12\/Aktu_Anspruch-auf-Bildungsurlaub_Inlay1-skynesher.jpeg 1140w\" sizes=\"(max-width: 1024px) 100vw, 1024px\"><figcaption>\u00a9 iStock.com\/skynesher<\/figcaption><\/figure>\n\n\n\n<h2 class=\"wp-block-heading\">Wer tr\u00e4gt die Kosten f\u00fcr den Bildungsurlaub?<\/h2>\n\n\n\n<p>F\u00fcr die Zeit des Bildungsurlaubs erh\u00e4ltst du weiterhin dein Gehalt. Alles andere musst du <strong>selbst tragen<\/strong>. Dazu z\u00e4hlen Kosten f\u00fcr \u2026<\/p>\n\n\n\n<ul><li>die Bil\u00addungs\u00adma\u00df\u00adnah\u00adme.<\/li><li>die Hin- und R\u00fcckreise.<\/li><li>die Unter\u00adkunft.<\/li><li>die Ver\u00adpfle\u00adgung.<\/li><\/ul>\n\n\n\n<p>Es steht deinem Unternehmen allerdings frei, sich daran zu beteiligen. Es lohnt sich also, bei deinen Vorgesetzten nachzufragen. <strong>Je enger der Bildungsurlaub mit deiner T\u00e4tigkeit zusammenh\u00e4ng<\/strong>t, desto besser stehen deine Chancen, wenigstens einen <strong>Zuschuss<\/strong> zu erhalten.<\/p>\n\n\n\n<h2 class=\"wp-block-heading\"><a><\/a>Welche Angebote gibt&nbsp;es?<\/h2>\n\n\n\n<p>Im Wesentlichen ist Bildungsurlaub zur politischen und beruflichen Weiterentwicklung gedacht. In der Praxis ergibt sich daraus allerdings ein <strong>sehr weites Feld an Angeboten<\/strong>. Dazu z\u00e4hlen Themenkreise wie:<\/p>\n\n\n\n<ul><li>Gesell\u00adschaft und Politik<\/li><li>\u00d6kologie und Umwelt<\/li><li>EDV<\/li><li>Marketing<\/li><li>Soziale Medien<\/li><li>Gesund\u00adheit<\/li><li>Stress\u00adbe\u00adw\u00e4l\u00adti\u00adgung<\/li><li>Psy\u00adcho\u00adlo\u00adgie<\/li><li>P\u00e4dagogik<\/li><li>Kreative Techniken im&nbsp;Beruf<\/li><\/ul>\n\n\n\n<p>Mehr zu diesen und weiteren Inhalten von Bildungsurlauben erf\u00e4hrst du beispielsweise bei <a href=\"https:\/\/www.bildungsurlaub.de\/seminare\/index.php?new_search=1\">Bildungsurlaub.de<\/a>. Dort sind mehr als 8.000 Seminare gelistet (Stand: Januar 2022).<\/p>\n\n\n\n<h2 class=\"wp-block-heading\"><a><\/a>Bil\u00addungs\u00adur\u00adlaub bean\u00adtra\u00adgen: So geht\u2019s<\/h2>\n\n\n\n<p>Folgende Voraussetzungen und Bedingungen sind in der Regel zu beachten:<\/p>\n\n\n\n<ul><li>Du hast einen Anspruch auf Bildungsurlaub.<\/li><li>Das gew\u00fcnsch\u00adte Angebot ist an deinem Arbeits\u00adort als Bil\u00addungs\u00adur\u00adlaub anerkannt.<\/li><\/ul>\n\n\n\n<p>Und so solltest du vorgehen:<\/p>\n\n\n\n<ul><li>Rechne durch, ob du dir den Bil\u00addungs\u00adur\u00adlaub finan\u00adzi\u00adell leisten kannst.<\/li><li>F\u00fcr den Fall, dass du den Bil\u00addungs\u00adur\u00adlaub nicht antreten kannst, solltest du auf die Bedin\u00adgun\u00adgen zu Stor\u00adnie\u00adrun\u00adgen achten.<\/li><li>Melde dich f\u00fcr das betref\u00adfen\u00adde Programm an.<\/li><li><strong>Beantrage den Bil\u00addungs\u00adur\u00adlaub bei deinem Arbeit\u00adge\u00adber.<\/strong> Das ist manchmal formlos m\u00f6glich. Besser ist es aber, den Antrag auf Bil\u00addungs\u00adur\u00adlaub schrift\u00adlich ein\u00adzu\u00adrei\u00adchen. Ein <a href=\"https:\/\/www.betriebsrat.com\/musterbrief\/140\/64407\/bildungsurlaub-antrag-auf-freistellung\">Muster<\/a> findest du zum Beispiel beim W.A.F. Institut f\u00fcr Betriebs\u00adr\u00e4\u00adte-Fort\u00adbil\u00addung. Teils sind f\u00fcr Antr\u00e4ge bestimmte Fristen vor\u00adge\u00adschrie\u00adben, die du einhalten musst. Sie reichen je nach Bun\u00addes\u00adland von vier bis zu acht Wochen vor der Ma\u00dfnahme. Au\u00dferdem musst du deine Anmel\u00adde\u00adun\u00adter\u00adla\u00adgen f\u00fcr das Angebot bei deinem Unter\u00adneh\u00admen einreichen.<\/li><li>Bewahre s\u00e4mtliche Dokumente im Zusam\u00admen\u00adhang mit dem geneh\u00admig\u00adten und absol\u00advier\u00adten Bil\u00addungs\u00adur\u00adlaub auf. Damit kannst du sp\u00e4ter in deiner <a href=\"https:\/\/www.advocard.de\/streitlotse\/internet-und-konsum\/finanzen\/aussergewoehnliche-belastungen-bei-der-steuer-was-absetzen\/\">Steu\u00ader\u00aderkl\u00e4\u00adrung<\/a> \u201eAuf\u00adwen\u00addun\u00adgen f\u00fcr Wei\u00adter\u00adbil\u00addung\u201c geltend machen.<\/li><\/ul>\n\n\n\n<figure class=\"wp-block-image size-large\"><img loading=\"lazy\" decoding=\"async\" width=\"1024\" height=\"472\" src=\"https:\/\/www.advocard.de\/streitlotse\/wp-content\/uploads\/2014\/12\/Aktu_Anspruch-auf-Bildungsurlaub_Inlay2-SilviaJansen-1024x472.jpeg\" alt=\"Yogalehrerin trainiert mit einer Senioren-Yogaklasse.\" class=\"wp-image-23208\" title=\"Anspruch auf Bildungsurlaub: Wie viel steht mir zu?\" srcset=\"https:\/\/www.advocard.de\/streitlotse\/wp-content\/uploads\/2014\/12\/Aktu_Anspruch-auf-Bildungsurlaub_Inlay2-SilviaJansen-1024x472.jpeg 1024w, https:\/\/www.advocard.de\/streitlotse\/wp-content\/uploads\/2014\/12\/Aktu_Anspruch-auf-Bildungsurlaub_Inlay2-SilviaJansen-300x138.jpeg 300w, https:\/\/www.advocard.de\/streitlotse\/wp-content\/uploads\/2014\/12\/Aktu_Anspruch-auf-Bildungsurlaub_Inlay2-SilviaJansen-768x354.jpeg 768w, https:\/\/www.advocard.de\/streitlotse\/wp-content\/uploads\/2014\/12\/Aktu_Anspruch-auf-Bildungsurlaub_Inlay2-SilviaJansen.jpeg 1140w\" sizes=\"(max-width: 1024px) 100vw, 1024px\"><figcaption>\u00a9 iStock.com\/SilviaJansen<\/figcaption><\/figure>\n\n\n\n<h2 class=\"wp-block-heading\">Bil\u00addungs\u00adur\u00adlaub vom Arbeit\u00adge\u00adber abgelehnt \u2013 was&nbsp;tun?<\/h2>\n\n\n\n<p>Ob und welchen Bildungsurlaub du in Anspruch nimmst, darf dir dein Arbeitgeber nicht vorschreiben. Allerdings kann es passieren, dass dein <strong>Unternehmen nicht mit einem Seminar einverstanden<\/strong> ist, weil es dessen Zusammenhang mit der Arbeit anzweifelt und es deshalb nicht genehmigen will. Ein derartiger Fall wurde 2018 vor dem <a href=\"https:\/\/www.advocard.de\/prozesskostenrechner\/\">Landesarbeitsgericht<\/a> Berlin-Brandenburg verhandelt (AZ 10 Sa 2076\/18).<\/p>\n\n\n\n<p>Dabei ging es um einen Arbeitnehmer, der den f\u00fcnft\u00e4gigen Kurs \u201eYoga I \u2013 erfolgreich und entspannt im Beruf mit Yoga und Meditation\u201d an einer Volkshochschule als Bildungsurlaub beantragt hatte.<strong> Sein Arbeitgeber wollte diesen Kurs nicht genehmigen. <\/strong>Daher zog der Mann zun\u00e4chst vor das <strong>Berliner Arbeitsgericht<\/strong>, das dem Unternehmen recht gab. Dieses Urteil revidierte das <strong>Landesarbeitsgericht <\/strong>in der Berufungsinstanz zugunsten des Kl\u00e4gers.<\/p>\n\n\n\n<p>Die Begr\u00fcndung: Der Kurs wolle \u201edie Anpassungsf\u00e4higkeit und Selbstbehauptung von Arbeitnehmerinnen und Arbeitnehmern unter den Bedingungen fortw\u00e4hrenden und sich beschleunigenden technischen und sozialen Wandels\u201d f\u00f6rdern. Dieses Ziel k\u00f6nne ein <a href=\"https:\/\/www.advocard.de\/streitlotse\/streitkultur\/mit-stressbewaeltigung-burn-out-vermeiden\/\">Yogakurs<\/a> mit einem <strong>geeigneten didaktischen Konzept<\/strong> erreichen. Da Bildungsurlaub inhaltlich weit gefasst sein, w\u00fcrden in diesem Fall die Voraussetzungen gem\u00e4\u00df \u00a7 1 Berliner Bildungsurlaubsgesetz (BiUrlG) erf\u00fcllt.<\/p>\n\n\n\n<p><strong>Weitere m\u00f6gliche Gr\u00fcnde f\u00fcr eine Ablehnung:<\/strong><\/p>\n\n\n\n<ul><li>Die Anmel\u00adde\u00adfrist wurde nicht eingehalten.<\/li><li>Das Angebot ist nicht als Bil\u00addungs\u00adur\u00adlaub ausgewiesen.<\/li><li>Das betrieb\u00adli\u00adche Kon\u00adtin\u00adgent an Bil\u00addungs\u00adur\u00adlaub ist bereits ausgesch\u00f6pft.<\/li><\/ul>\n\n\n\n<p>M\u00f6chtest du dennoch an deinem Antrag festhalten, solltest du zun\u00e4chst <strong>das Gespr\u00e4ch mit deinen Vorgesetzten suchen<\/strong>. Bleibt das erfolglos, kannst du die Ablehnung vom Betriebsrat oder von <a href=\"https:\/\/www.advocard.de\/service\/anwaltssuche\/\">juristischer Seite<\/a> pr\u00fcfen lassen.<\/p>\n\n\n<div class=\"fazitbox\">\n<div class=\"fazitbox-titel\">FAZIT<\/div>\n<ul>\n<li>Bil\u00addungs\u00adur\u00adlaub wird \u00fcber Gesetze der Bun\u00addes\u00adl\u00e4n\u00adder geregelt.<\/li>\n<li>Anspruch auf Bil\u00addungs\u00adur\u00adlaub haben in der Regel Fest\u00adan\u00adge\u00adstell\u00adte, Aus\u00adzu\u00adbil\u00adden\u00adde und Beamte.<\/li>\n<li>Der Arbeit\u00adge\u00adber kann den Bil\u00addungs\u00adur\u00adlaub ablehnen, wenn bei\u00adspiels\u00adwei\u00adse Fristen miss\u00adach\u00adtet werden, er den Zusam\u00admen\u00adhang mit dem Job anzwei\u00adfelt oder das Bil\u00addungs\u00adur\u00adlaub-Kon\u00adtin\u00adgent f\u00fcr das Jahr schon aus\u00adge\u00adsch\u00f6pft ist.<\/li>\n<\/ul>\n<\/div>","protected":false},"excerpt":{"rendered":"<p>Viele Berufst\u00e4tige in Deutschland haben einen Anspruch auf Bildungsurlaub. Die Voraussetzungen daf\u00fcr unterscheiden sich allerdings von Bundesland zu Bundesland. Hier erf\u00e4hrst du, welche Regeln f\u00fcr diese Form der beruflichen Weiterbildung gelten, wer daf\u00fcr bezahlt und wie viele Tage du daf\u00fcr frei bekommen kannst. Du m\u00f6chtest Bildungsurlaub machen, aber dein Arbeitgeber ist dagegen? Wir st\u00e4rken deine [\u2026]<\/p>\n","protected":false},"author":1,"featured_media":0,"comment_status":"open","ping_status":"open","sticky":false,"template":"","format":"standard","meta":{"_acf_changed":false,"wp_typography_post_enhancements_disabled":false,"footnotes":""},"categories":[3,64],"tags":[],"acf":[],"_links":{"self":[{"href":"https:\/\/www.advocard.de\/streitlotse\/wp-json\/wp\/v2\/posts\/4752"}],"collection":[{"href":"https:\/\/www.advocard.de\/streitlotse\/wp-json\/wp\/v2\/posts"}],"about":[{"href":"https:\/\/www.advocard.de\/streitlotse\/wp-json\/wp\/v2\/types\/post"}],"author":[{"embeddable":true,"href":"https:\/\/www.advocard.de\/streitlotse\/wp-json\/wp\/v2\/users\/1"}],"replies":[{"embeddable":true,"href":"https:\/\/www.advocard.de\/streitlotse\/wp-json\/wp\/v2\/comments?post=4752"}],"version-history":[{"count":8,"href":"https:\/\/www.advocard.de\/streitlotse\/wp-json\/wp\/v2\/posts\/4752\/revisions"}],"predecessor-version":[{"id":23214,"href":"https:\/\/www.advocard.de\/streitlotse\/wp-json\/wp\/v2\/posts\/4752\/revisions\/23214"}],"wp:attachment":[{"href":"https:\/\/www.advocard.de\/streitlotse\/wp-json\/wp\/v2\/media?parent=4752"}],"wp:term":[{"taxonomy":"category","embeddable":true,"href":"https:\/\/www.advocard.de\/streitlotse\/wp-json\/wp\/v2\/categories?post=4752"},{"taxonomy":"post_tag","embeddable":true,"href":"https:\/\/www.advocard.de\/streitlotse\/wp-json\/wp\/v2\/tags?post=4752"}],"curies":[{"name":"wp","href":"https:\/\/api.w.org\/{rel}","templated":true}]}}