{"id":349,"date":"2023-01-11T09:00:00","date_gmt":"2023-01-11T08:00:00","guid":{"rendered":"http:\/\/www.advocard.de\/streitlotse\/?p=349"},"modified":"2025-07-17T16:48:52","modified_gmt":"2025-07-17T14:48:52","slug":"krank-im-urlaub-kann-der-urlaub-nachgeholt-werden","status":"publish","type":"post","link":"https:\/\/www.advocard.de\/streitlotse\/urlaub-und-reisen\/krank-im-urlaub-kann-der-urlaub-nachgeholt-werden\/","title":{"rendered":"Krank im Urlaub: So kannst du die Urlaubs\u00adta\u00adge nachholen"},"content":{"rendered":"\n<p>Ob in der Erk\u00e4ltungswelle im Herbst, bei winterlichen Minusgraden, an nasskalten Fr\u00fchlingstagen oder v\u00f6llig unerwartet mitten im Hochsommer: Eine Krankheit kommt immer ungelegen. Allerdings gibt es Situationen, in denen beispielsweise eine Erk\u00e4ltung oder ein Hexenschuss noch weniger willkommen sind als ohnehin. Wenn du dich im Urlaub krankmelden musst, stehst du vor der Frage, ob du die Urlaubstage zur\u00fcckbekommst. Wir kl\u00e4ren auf.<\/p>\n\n\n\n<p><a><\/a><a href=\"https:\/\/www.advocard.de\/info\/arbeit\/\">Dein Chef sieht Krankschreibungen gar nicht gern? Wir unterst\u00fctzen dich bei Konflikten. &gt;&gt;<\/a><\/p>\n\n\n\n<h2 class=\"wp-block-heading\"><a><\/a>Krank im Urlaub \u2013 optimal zur Genesung. Oder&nbsp;nicht?<\/h2>\n\n\n\n<p>Um mit einem Ger\u00fccht aufzur\u00e4umen, das sich hartn\u00e4ckig zu halten scheint: Urlaubstage dienen nicht der Genesung. Die freie Zeit ist zur Entspannung da; gesund werden ist f\u00fcr den K\u00f6rper hingegen schwere Arbeit und alles andere als entspannend. Deshalb gilt: <strong>Urlaubstage sind keine Krankheitstage.<\/strong><\/p>\n\n\n<div class=\"wp-block-image\">\n<figure class=\"alignright size-full\"><a href=\"https:\/\/www.advocard.de\/info\/privat\/\" target=\"_blank\" rel=\"noreferrer noopener\"><img loading=\"lazy\" decoding=\"async\" width=\"300\" height=\"190\" src=\"https:\/\/www.advocard.de\/streitlotse\/wp-content\/uploads\/2020\/10\/201019_Advocard_Teaser_Reise.jpg\" alt=\"Alle Informationen zu der privaten Rechtsschutzversicherung von ADVOCARD\" class=\"wp-image-21293\" title=\"Alle Informationen zu der privaten Rechtsschutzversicherung von ADVOCARD\"><\/a><\/figure><\/div>\n\n\n<p>Unmissverst\u00e4ndlich ist das in \u00a7 9 Bundesurlaubsgesetz (BUrlG) geregelt. Da hei\u00dft es: \u201eErkrankt ein Arbeitnehmer w\u00e4hrend des Urlaubs, so werden die durch \u00e4rztliches Zeugnis nachgewiesenen Tage der Arbeitsunf\u00e4higkeit auf den Jahresurlaub nicht angerechnet.\u201c Krankheit und Urlaub schlie\u00dfen sich also gegenseitig aus.<\/p>\n\n\n\n<p>Arbeitnehmer haben also die M\u00f6glichkeit, die durch eine Krankheit verlorenen Urlaubstage nachzuholen. Allerdings darfst du deinen <strong>Urlaub nicht einfach selbst\u00e4ndig um die entsprechende Anzahl Tage verl\u00e4ngern<\/strong> \u2013damit riskierst du eine Abmahnung oder sogar die K\u00fcndigung.Wenn du wieder gesund und arbeitsf\u00e4hig bist, musst du nach dem Ende des vereinbarten Urlaubszeitraums wieder zur Arbeit gehen.<\/p>\n\n\n\n<div style=\"height:25px\" aria-hidden=\"true\" class=\"wp-block-spacer\"><\/div>\n\n\n\n<h2 class=\"wp-block-heading\">Urlaubs\u00adta\u00adge retten \u2013 das musst du&nbsp;tun<\/h2>\n\n\n\n<p>Du kannst verhindern, dass die Urlaubstage, die du durch deine Erkrankung verlieren w\u00fcrdest, auf den <a href=\"https:\/\/www.advocard.de\/streitlotse\/arbeit-und-karriere\/urlaubsanspruch-alles-was-du-wissen-musst\/\">Jahresurlaub<\/a> angerechnet werden. Um sie sp\u00e4ter nachholen zu k\u00f6nnen, musst du folgenderma\u00dfen vorgehen:<\/p>\n\n\n\n<ol style=\"list-style-type:1\">\n<li>Lass dir die Arbeits\u00adun\u00adf\u00e4\u00adhig\u00adkeit (AU) und ihre Dauer sofort \u00e4rztlich bescheinigen.<\/li>\n\n\n\n<li>Infor\u00admie\u00adre deinen Arbeit\u00adge\u00adber und die Kran\u00adken\u00adkas\u00adse unver\u00adz\u00fcg\u00adlich tele\u00adfo\u00adnisch oder per Mail \u00fcber die&nbsp;AU.<\/li>\n\n\n\n<li>H\u00e4ltst du dich w\u00e4hrend deiner Erkran\u00adkung im Ausland auf, musst du bei Kran\u00adken\u00adkas\u00adse und Arbeit\u00adge\u00adber deine dortige Adresse hin\u00adter\u00adlas\u00adsen und sp\u00e4ter auch deine R\u00fcckkehr melden.<\/li>\n<\/ol>\n\n\n\n<p>Dabei gibt es einige wichtige Details zu beachten: W\u00e4hrend \u00fcblicherweise eine AU-Bescheinigung am dritten Krankheitstag ausreicht, ist die <strong>Krankheit im Urlaub bereits<\/strong> <strong>am ersten Krankheitstag zu melden. <\/strong>Nur so kannst du die volle Krankheitszeit auf den Urlaub anrechnen lassen.<\/p>\n\n\n\n<p>Befindest du dich im Ausland, musst du bei der <a href=\"https:\/\/www.advocard.de\/streitlotse\/urlaub-und-reisen\/krankheit-im-urlaub\/krankmeldung-aus-dem-ausland-das-ist-zu-tun\/\">Krankmeldung<\/a> darauf achten, dass der Arzt dir nicht nur bescheinigt, dass du krank bist, sondern auch explizit <strong>schriftlich erkl\u00e4rt, dass du arbeitsunf\u00e4hig bist.<\/strong> Das best\u00e4tigt auch ein Urteil des Bundesarbeitsgerichts (AZ 5 AZR 499\/96).<\/p>\n\n\n<div class=\"fazitbox\">\n<div class=\"fazitbox-titel\">INFO<\/div>\n<h2><strong>Kind krank, im Urlaub gepflegt \u2013 was&nbsp;nun?<\/strong><\/h2>\n<p>W\u00e4hrend der normalen Arbeitszeit gibt es Anspruch auf <a href=\"https:\/\/www.advocard.de\/streitlotse\/arbeit-und-karriere\/wenn-das-kind-krank-ist-krankmeldung-fuer-eltern\/\">Kinderkrankentage<\/a>. Aber was, wenn du Urlaub hast und dein Kind aus heiterem Himmel krank wird? Hier gelten andere Regeln: Die Zeit, die du im Urlaub f\u00fcr die Kinderpflege aufwendest, kannst du dir nicht gegenrechnen lassen und sp\u00e4ter nachholen.<\/p>\n<\/div>\n\n\n<h2 class=\"wp-block-heading\"><strong>Trotz Krank\u00adschrei\u00adbung in den Urlaub: Darf ich&nbsp;das?<\/strong><\/h2>\n\n\n\n<p>Besonders \u00e4rgerlich ist eine Krankheit nat\u00fcrlich, wenn Flug und Hotel bereits gebucht sind. Allerdings bedeutet das nicht, dass du deinen lang geplanten Urlaub direkt absagen musst. Grunds\u00e4tzlich gilt: Wenn du <a href=\"https:\/\/www.advocard.de\/streitlotse\/arbeit-und-karriere\/krankmeldung\/krankgeschrieben-7-dinge-die-trotzdem-erlaubt-sind\/\">krankgeschrieben<\/a> bist, darfst du <strong>nichts tun, was der Genesung schadet.<\/strong><\/p>\n\n\n\n<p>Und hier kommt es auf den Einzelfall an: Mit einer schweren Grippe ist der Wanderurlaub in Schweden eher nicht deiner Verfassung f\u00f6rderlich. Ein gebrochener Finger hingegen d\u00fcrfte kein Hindernis f\u00fcr die Reise an die s\u00fcdfranz\u00f6sische K\u00fcste sein. Genauso verh\u00e4lt es sich im umgekehrten Fall: <strong>Wirst du im Urlaub krank, musst du nicht sofort die Heimreise antreten.<\/strong>&nbsp; <\/p>\n\n\n\n<div class=\"multicolumn-container\">\n<div class=\"multicolumn-col\">\n<h2>FAQ<\/h2>\n<p>\n<\/p><ul>\n<li><b>Werden Krank\u00adheits\u00adta\u00adge im Urlaub als Urlaubs\u00adta\u00adge gez\u00e4hlt?<\/b><\/li>\n<\/ul>\n\n<p>\nNein. Wenn du w\u00e4hrend des Urlaubs krank wirst und deine Arbeitsunf\u00e4higkeit durch ein \u00e4rztliches Attest nachweist, werden diese Tage nicht auf deinen Jahresurlaub angerechnet.\n<\/p>\n<p>\n<\/p><ul>\n<li><b>Was muss ich tun, wenn ich im Urlaub krank&nbsp;werde?<\/b><\/li>\n<\/ul>\n\n<p>\nDu musst dir eine Arbeitsunf\u00e4higkeitsbescheinigung ausstellen lassen und deinen Arbeitgeber sowie die Krankenkasse sofort informieren \u2013 am besten telefonisch oder per E-Mail.\n<\/p>\n<p>\n<\/p><ul>\n<li><b>Was gilt bei Krankheit im Ausland?<\/b><\/li>\n<\/ul>\n\n<p>\nWenn du im Ausland krank wirst, muss das Attest ausdr\u00fccklich deine Arbeitsunf\u00e4higkeit best\u00e4tigen. Au\u00dferdem musst du den Arbeitgeber und die Krankenkasse sofort informieren.\n<\/p>\n<\/div>\n<\/div>\n\n\n<div class=\"fazitbox service\">\n<div class=\"fazitbox-titel\">SERVICE<\/div>\n<p><strong>Sicher ins Ausland reisen mit der Reise-Krankenversicherung der Generali<br><\/strong><\/p>\n<p>Gesundheitsschutz auf Reisen \u2013 f\u00fcr einen Kurz-Trip, l\u00e4ngere Auslandsaufenthalte oder f\u00fcr eine Einreise nach Deutschland. Die Generali bietet verschiedene Tarife zur Absicherung Ihrer Reisen an. Mehr dazu <a style=\"color: #b22f24;\" title href=\"https:\/\/www.generali.de\/privatkunden\/gesundheit-freizeit\/reise-krankenversicherung\" target=\"_blank\" rel=\"noopener\">hier<\/a>.<\/p>\n<\/div>","protected":false},"excerpt":{"rendered":"<p>Ob in der Erk\u00e4ltungswelle im Herbst, bei winterlichen Minusgraden, an nasskalten Fr\u00fchlingstagen oder v\u00f6llig unerwartet mitten im Hochsommer: Eine Krankheit kommt immer ungelegen. Allerdings gibt es Situationen, in denen beispielsweise eine Erk\u00e4ltung oder ein Hexenschuss noch weniger willkommen sind als ohnehin. Wenn du dich im Urlaub krankmelden musst, stehst du vor der Frage, ob du [\u2026]<\/p>\n","protected":false},"author":1,"featured_media":0,"comment_status":"open","ping_status":"open","sticky":false,"template":"","format":"standard","meta":{"_acf_changed":false,"wp_typography_post_enhancements_disabled":false,"footnotes":""},"categories":[27,6],"tags":[],"acf":[],"_links":{"self":[{"href":"https:\/\/www.advocard.de\/streitlotse\/wp-json\/wp\/v2\/posts\/349"}],"collection":[{"href":"https:\/\/www.advocard.de\/streitlotse\/wp-json\/wp\/v2\/posts"}],"about":[{"href":"https:\/\/www.advocard.de\/streitlotse\/wp-json\/wp\/v2\/types\/post"}],"author":[{"embeddable":true,"href":"https:\/\/www.advocard.de\/streitlotse\/wp-json\/wp\/v2\/users\/1"}],"replies":[{"embeddable":true,"href":"https:\/\/www.advocard.de\/streitlotse\/wp-json\/wp\/v2\/comments?post=349"}],"version-history":[{"count":21,"href":"https:\/\/www.advocard.de\/streitlotse\/wp-json\/wp\/v2\/posts\/349\/revisions"}],"predecessor-version":[{"id":26461,"href":"https:\/\/www.advocard.de\/streitlotse\/wp-json\/wp\/v2\/posts\/349\/revisions\/26461"}],"wp:attachment":[{"href":"https:\/\/www.advocard.de\/streitlotse\/wp-json\/wp\/v2\/media?parent=349"}],"wp:term":[{"taxonomy":"category","embeddable":true,"href":"https:\/\/www.advocard.de\/streitlotse\/wp-json\/wp\/v2\/categories?post=349"},{"taxonomy":"post_tag","embeddable":true,"href":"https:\/\/www.advocard.de\/streitlotse\/wp-json\/wp\/v2\/tags?post=349"}],"curies":[{"name":"wp","href":"https:\/\/api.w.org\/{rel}","templated":true}]}}