{"id":27577,"date":"2026-04-29T14:25:56","date_gmt":"2026-04-29T12:25:56","guid":{"rendered":"https:\/\/www.advocard.de\/streitlotse\/?p=27577"},"modified":"2026-04-29T14:25:57","modified_gmt":"2026-04-29T12:25:57","slug":"ganztagsfoerderungsgesetz-2026-dein-anspruch-auf-betreuung-deines-kindes","status":"publish","type":"post","link":"https:\/\/www.advocard.de\/streitlotse\/familie-und-vorsorge\/ganztagsfoerderungsgesetz-2026-dein-anspruch-auf-betreuung-deines-kindes\/","title":{"rendered":"Ganz\u00adtags\u00adf\u00f6r\u00adde\u00adrungs\u00adge\u00adsetz 2026: Dein Anspruch auf Betreuung deines Kindes"},"content":{"rendered":"\n<p>Sp\u00e4testens mit der Einschulung stellt sich f\u00fcr viele Eltern die Frage: Wer betreut mein Kind nach dem Unterricht, an kurzen Schultagen oder in den Ferien? Genau hier setzt das Ganztagsf\u00f6rderungsgesetz an. Es schafft einen Rechtsanspruch auf ganzt\u00e4gige F\u00f6rderung f\u00fcr Kinder im Grundschulalter und soll damit die Betreuungsl\u00fccke nach der Kita schlie\u00dfen.<\/p>\n\n\n\n<p><a href=\"https:\/\/www.advocard.de\/privatrechtsschutz\/\" target=\"_blank\" rel=\"noreferrer noopener\">Keinen Ganztagsplatz bekommen trotz Anspruch? Wir unterst\u00fctzen dich. &gt;&gt;<\/a><\/p>\n\n\n\n<div style=\"height:10px\" aria-hidden=\"true\" class=\"wp-block-spacer\"><\/div>\n\n\n\n<h2 class=\"wp-block-heading\">Was das Ganz\u00adtags\u00adf\u00f6r\u00adde\u00adrungs\u00adge\u00adsetz ab August 2026 genau regelt<\/h2>\n\n\n\n<p>Das Ganztagsf\u00f6rderungsgesetz (GaF\u00f6G) schafft einen <strong>gesetzlichen Anspruch auf Ganztagsbetreuung f\u00fcr Kinder im Grundschulalter. <\/strong>Verankert ist er in \u00a7 24 Abs. 4 Achtes Buch Sozialgesetzbuch (SGB VIII).<\/p>\n\n\n\n<p>Entscheidend f\u00fcr Familien ist aber vor allem, ab wann der Anspruch tats\u00e4chlich gilt. Denn er wird nicht f\u00fcr alle Jahrg\u00e4nge gleichzeitig, sondern stufenweise eingef\u00fchrt.<\/p>\n\n\n\n<p>Konkret bedeutet das:<\/p>\n\n\n\n<ul>\n<li><strong>ab 1. August 2026:<\/strong> Anspruch f\u00fcr Kinder der 1. Klasse<\/li>\n\n\n\n<li><strong>ab 2027:<\/strong> Aus\u00adwei\u00adtung auf die 2. Klasse<\/li>\n\n\n\n<li><strong>ab 2028:<\/strong> Aus\u00adwei\u00adtung auf die 3. Klasse<\/li>\n\n\n\n<li><strong>ab dem Schuljahr 2029\/30:<\/strong> Anspruch f\u00fcr alle Grund\u00adschul\u00adkin\u00adder (1. bis 4. Klasse)<\/li>\n<\/ul>\n\n\n\n<p>F\u00fcr viele Familien wird das Thema besonders dann relevant, wenn die <a href=\"https:\/\/www.advocard.de\/streitlotse\/familie-und-vorsorge\/einschulung-einzugsgebiet-oder-freie-schulwahl\/\">Einschulung<\/a> n\u00e4her r\u00fcckt oder sich <strong>die Arbeitszeiten der Eltern nicht mit den bisherigen Betreuungszeiten der Kinder<\/strong> <strong>vereinbaren <\/strong>lassen.<\/p>\n\n\n\n<p>\u00dcbrigens: Unser <a href=\"https:\/\/www.advocard.de\/streitlotse\/familie-und-vorsorge\/schulpflicht-passiert-wenn-das-kind-nicht-zur-schule-geht\/\">Ratgeber zur Schulpflicht in Deutschland<\/a> zeigt, welche gesetzlichen Regeln f\u00fcr den Schulbesuch gelten und in welchen F\u00e4llen Ausnahmen m\u00f6glich sind.<\/p>\n\n\n\n<div style=\"height:10px\" aria-hidden=\"true\" class=\"wp-block-spacer\"><\/div>\n\n\n\n<h2 class=\"wp-block-heading\">Wie weit reicht der Anspruch auf Ganztagsbetreuung?<\/h2>\n\n\n\n<p>Ziel des GaF\u00f6G ist eine verl\u00e4ssliche ganzt\u00e4gige Betreuung f\u00fcr Kinder im Grundschulalter. In der Praxis bedeutet das in der Regel Angebote an f\u00fcnf Werktagen (Montag bis Freitag) mit einem Umfang von <strong>bis zu acht Stunden pro Tag inklusive Unterrichtszeiten.<\/strong> Wenn dein Kind also vormittags Unterricht hat, z\u00e4hlt diese Zeit bereits mit.<\/p>\n\n\n\n<p>Au\u00dferdem gilt der Anspruch nicht nur w\u00e4hrend der Schulzeit, sondern <strong>grunds\u00e4tzlich auch in den Ferien.<\/strong> Die L\u00e4nder d\u00fcrfen allerdings Schlie\u00dfzeiten von insgesamt maximal vier Wochen im Jahr vorsehen.<\/p>\n\n\n\n<p>\u00dcbrigens: Der Anspruch gilt bedarfsunabh\u00e4ngig. Das bedeutet: <strong>Du musst keinen besonderen Grund wie eine Berufst\u00e4tigkeit nachweisen,<\/strong> um einen Platz f\u00fcr dein Kind zu erhalten.<\/p>\n\n\n\n<p>Gut zu wissen: Das Recht auf Ganztagsbetreuung soll Wahlm\u00f6glichkeiten schaffen, keine Verpflichtung. <strong>Das hei\u00dft, dein Kind muss nicht an der Ganztagsbetreuung teilnehmen.<\/strong><\/p>\n\n\n\n<div style=\"height:10px\" aria-hidden=\"true\" class=\"wp-block-spacer\"><\/div>\n\n\n\n<figure class=\"wp-block-image size-large\"><img loading=\"lazy\" decoding=\"async\" width=\"1024\" height=\"472\" src=\"https:\/\/www.advocard.de\/streitlotse\/wp-content\/uploads\/2026\/04\/Streitlotse-Ganztagsfoerderungsgesetz-skynesher-1024x472.jpg\" alt=\"Lachender Lehrer hilft Sch\u00fcler in Grundschulklasse\" class=\"wp-image-27578\" srcset=\"https:\/\/www.advocard.de\/streitlotse\/wp-content\/uploads\/2026\/04\/Streitlotse-Ganztagsfoerderungsgesetz-skynesher-1024x472.jpg 1024w, https:\/\/www.advocard.de\/streitlotse\/wp-content\/uploads\/2026\/04\/Streitlotse-Ganztagsfoerderungsgesetz-skynesher-300x138.jpg 300w, https:\/\/www.advocard.de\/streitlotse\/wp-content\/uploads\/2026\/04\/Streitlotse-Ganztagsfoerderungsgesetz-skynesher-768x354.jpg 768w, https:\/\/www.advocard.de\/streitlotse\/wp-content\/uploads\/2026\/04\/Streitlotse-Ganztagsfoerderungsgesetz-skynesher.jpg 1140w\" sizes=\"(max-width: 1024px) 100vw, 1024px\"><figcaption class=\"wp-element-caption\">\u00a9 iStock.com\/skynesher<\/figcaption><\/figure>\n\n\n\n<div style=\"height:10px\" aria-hidden=\"true\" class=\"wp-block-spacer\"><\/div>\n\n\n\n<h2 class=\"wp-block-heading\">Ganz\u00adtags\u00adbe\u00adtreu\u00adung ist mehr als nur Ganztagsschule<\/h2>\n\n\n\n<p>Wenn vom neuen Anspruch die Rede ist, denken viele zuerst an die klassische Ganztagsschule. <strong>Tats\u00e4chlich ist Ganztagsbetreuung aber breiter aufgestellt.<\/strong> Es gibt verschiedene Formen, \u00fcber die der Anspruch erf\u00fcllt werden kann.<\/p>\n\n\n\n<p>Dazu geh\u00f6ren unter anderem:<\/p>\n\n\n\n<ul>\n<li>schu\u00adli\u00adsche Angebote wie offene oder gebundene Ganztagsschulen<\/li>\n\n\n\n<li>Horte und andere Tages\u00adein\u00adrich\u00adtun\u00adgen der Kinder- und Jugendhilfe<\/li>\n\n\n\n<li>Koope\u00adra\u00adti\u00adons\u00admo\u00addel\u00adle zwischen Schule und externen Tr\u00e4gern<\/li>\n\n\n\n<li>Mittags- und Nachmittagsbetreuung<\/li>\n<\/ul>\n\n\n\n<p><strong>Wichtig:<\/strong> Nicht jedes Modell erf\u00fcllt automatisch den gesamten gesetzlichen Anspruch.<\/p>\n\n\n\n<p>Eine Ganztagsschule im schulischen Sinne gilt oft schon dann als solche, wenn sie an mindestens drei Tagen pro Woche ein erweitertes Angebot bietet. <strong>Der gesetzliche Anspruch geht jedoch weiter,<\/strong> da er auf bis zu acht Stunden an f\u00fcnf Tagen ausgelegt ist.<\/p>\n\n\n\n<div class=\"fazitbox\">\n<div class=\"fazitbox-titel\">INFO<\/div>\n<h2>Was bedeuten Ganz\u00adtags\u00adbe\u00adtreu\u00adung, Ganz\u00adtags\u00adschu\u00adle, Hort und&nbsp;OGS?<\/h2>\n<p>\nDie Begriffe rund um den \u201eGanztag\u201c werden oft synonym verwendet. Ein kurzer \u00dcberblick:\n<\/p>\n<p>\n<\/p><ul>\n<li><strong>Ganz\u00adtags\u00adbe\u00adtreu\u00adung:<\/strong> Ober\u00adbe\u00adgriff f\u00fcr alle Betreu\u00adungs- und F\u00f6r\u00adder\u00adan\u00adge\u00adbo\u00adte \u00fcber den Unter\u00adricht hinaus<\/li>\n<li><strong>Ganz\u00adtags\u00adschu\u00adle:<\/strong> Schulisch orga\u00adni\u00adsier\u00adtes Angebot, teilweise f\u00fcr alle Sch\u00fcler und Sch\u00fc\u00adle\u00adrin\u00adnen verpflichtend<\/li>\n<li><strong>Hort:<\/strong> Betreu\u00adungs\u00adein\u00adrich\u00adtung der Kinder- und Jugendhilfe<\/li>\n<li><strong>OGS (Offene Ganz\u00adtags\u00adschu\u00adle):<\/strong> Eine Form der Ganz\u00adtags\u00adschu\u00adle, zu der Kinder frei\u00adwil\u00adlig ange\u00admel\u00addet werden k\u00f6nnen<\/li> \n<\/ul>\n\n<p>\nF\u00fcr dich als Elternteil ist im Zuge des neuen Gesetzes vor allem wichtig, ob das konkrete Angebot den gesetzlichen Umfang tats\u00e4chlich erf\u00fcllt.\n<\/p>\n<\/div>\n\n\n\n\n<div style=\"height:10px\" aria-hidden=\"true\" class=\"wp-block-spacer\"><\/div>\n\n\n\n<h2 class=\"wp-block-heading\">Mehr Pl\u00e4tze, mehr Qualit\u00e4t: Was jetzt ausgebaut wird<\/h2>\n\n\n\n<p>Mit dem Gesetz wird nicht nur ein Anspruch geschaffen, sondern auch der <strong>Ausbau der Ganztagsbetreuung vorangetrieben. <\/strong>Es entstehen neue Pl\u00e4tze, bestehende Angebote werden erweitert und Strukturen ausgebaut.<\/p>\n\n\n\n<p>Dabei geht es nicht nur um Umfang und Dauer der Betreuung, sondern auch um deren Qualit\u00e4t. Ganztagsangebote sollen <strong>Kinder f\u00f6rdern und Familien entlasten.<\/strong><\/p>\n\n\n\n<p>Dazu geh\u00f6ren je nach Angebot zum Beispiel:<\/p>\n\n\n\n<ul>\n<li>Haus\u00adauf\u00adga\u00adben\u00adbe\u00adtreu\u00adung<\/li>\n\n\n\n<li>F\u00f6r\u00adder\u00adan\u00adge\u00adbo\u00adte<\/li>\n\n\n\n<li>Arbeits\u00adge\u00admein\u00adschaf\u00adten<\/li>\n\n\n\n<li>kreative und sport\u00adli\u00adche Aktivit\u00e4ten<\/li>\n\n\n\n<li>freies Spiel<\/li>\n<\/ul>\n\n\n\n<p>F\u00fcr Familien kann das den Alltag deutlich erleichtern. Verl\u00e4ssliche Betreuung hilft dabei, <strong>Beruf und Familie besser zu vereinbaren.<\/strong> F\u00fcr Kinder er\u00f6ffnet ein gut gestalteter Ganztag zus\u00e4tzliche Bildungs- und Teilhabechancen.<\/p>\n\n\n\n<div style=\"height:10px\" aria-hidden=\"true\" class=\"wp-block-spacer\"><\/div>\n\n\n\n<figure class=\"wp-block-image size-large\"><img loading=\"lazy\" decoding=\"async\" width=\"1024\" height=\"472\" src=\"https:\/\/www.advocard.de\/streitlotse\/wp-content\/uploads\/2026\/04\/Streitlotse-Ganztagsfoerderungsgesetz-Halfpoint-1024x472.jpg\" alt=\"Eine Gruppe Grundschulkinder steht mit ihrer Lehrerin in einem Kreis um einen Tisch herum und pflanzt Kr\u00e4uter\" class=\"wp-image-27579\" srcset=\"https:\/\/www.advocard.de\/streitlotse\/wp-content\/uploads\/2026\/04\/Streitlotse-Ganztagsfoerderungsgesetz-Halfpoint-1024x472.jpg 1024w, https:\/\/www.advocard.de\/streitlotse\/wp-content\/uploads\/2026\/04\/Streitlotse-Ganztagsfoerderungsgesetz-Halfpoint-300x138.jpg 300w, https:\/\/www.advocard.de\/streitlotse\/wp-content\/uploads\/2026\/04\/Streitlotse-Ganztagsfoerderungsgesetz-Halfpoint-768x354.jpg 768w, https:\/\/www.advocard.de\/streitlotse\/wp-content\/uploads\/2026\/04\/Streitlotse-Ganztagsfoerderungsgesetz-Halfpoint.jpg 1140w\" sizes=\"(max-width: 1024px) 100vw, 1024px\"><figcaption class=\"wp-element-caption\">\u00a9 iStock.com\/Halfpoint<\/figcaption><\/figure>\n\n\n\n<div style=\"height:10px\" aria-hidden=\"true\" class=\"wp-block-spacer\"><\/div>\n\n\n\n<h2 class=\"wp-block-heading\">Warum der Anspruch je nach Wohnort unter\u00adschied\u00adli\u00adche Ausma\u00dfe hat<\/h2>\n\n\n\n<p>Auch wenn der Rechtsanspruch auf Ganztagsbetreuung bundesweit einheitlich eingef\u00fchrt wird, sieht die Praxis in den Bundesl\u00e4ndern nicht \u00fcberall gleich aus. Das liegt daran, <strong>dass die L\u00e4nder die Rahmenbedingungen ausgestalten<\/strong> und die Kommunen an der konkreten Umsetzung beteiligt sind. Die Steuerungsverantwortung liegt beim Tr\u00e4ger der \u00f6ffentlichen Kinder- und Jugendhilfe, also meist beim Jugendamt.<\/p>\n\n\n<div class=\"wp-block-image\">\n<figure class=\"alignright size-full\"><a href=\"https:\/\/www.advocard.de\/info\/privat\/\" target=\"_blank\" rel=\"noreferrer noopener\"><img loading=\"lazy\" decoding=\"async\" width=\"300\" height=\"190\" src=\"https:\/\/www.advocard.de\/streitlotse\/wp-content\/uploads\/2020\/10\/201019_Advocard_Teaser_Absicherung.jpg\" alt=\"Alle Informationen zu der privaten Rechtsschutzversicherung von ADVOCARD\" class=\"wp-image-21284\"><\/a><\/figure><\/div>\n\n\n<p>Deshalb <strong>unterscheiden sich Begriffe, Modelle und Zust\u00e4ndigkeiten je nach Wohnort<\/strong> teils deutlich. In manchen Regionen gibt es traditionell starke Hortstrukturen, in anderen eher Ganztagsgrundschulen oder Kooperationsmodelle zwischen Schule und Jugendhilfe.<\/p>\n\n\n\n<p>Deshalb zeigen sich je nach Bundesland unterschiedliche Schwerpunkte in der Ganztagsbetreuung:<\/p>\n\n\n\n<ul>\n<li>In <strong>Nordrhein-Westfalen<\/strong> ist die offene Ganz\u00adtags\u00adschu\u00adle besonders stark verbreitet.<\/li>\n\n\n\n<li>In <strong>Bran\u00adden\u00adburg<\/strong> spielt der Hort als Angebot der Kinder- und Jugend\u00adhil\u00adfe tra\u00addi\u00adtio\u00adnell eine zentrale Rolle und ist eng mit der Schule verzahnt.<\/li>\n\n\n\n<li>In <strong>Bayern und Baden-W\u00fcrt\u00adtem\u00adberg<\/strong> bestehen h\u00e4ufig Misch\u00adsys\u00adte\u00adme aus Hort, Mit\u00adtags\u00adbe\u00adtreu\u00adung und schu\u00adli\u00adschen Ganztagsangeboten.<\/li>\n\n\n\n<li>In Stadt\u00adstaa\u00adten wie <strong>Bremen<\/strong> wird der Ganztag zunehmend fl\u00e4\u00adchen\u00adde\u00adckend \u00fcber Ganz\u00adtags\u00adschu\u00adlen orga\u00adni\u00adsiert und weiter ausgebaut.<\/li>\n\n\n\n<li>In <strong>Schleswig-Holstein<\/strong> werden Ganz\u00adtags\u00adan\u00adge\u00adbo\u00adte ebenfalls \u00fcber\u00adwie\u00adgend \u00fcber offene Ganz\u00adtags\u00adschu\u00adlen umgesetzt, erg\u00e4nzt durch Betreu\u00adungs\u00adan\u00adge\u00adbo\u00adte und&nbsp;Horte.<\/li>\n<\/ul>\n\n\n\n<p>\u00dcbrigens: Wenn Kinder im Rahmen der Ganztagsbetreuung l\u00e4ngere Zeit in der Schule oder in einer anderen Einrichtung verbringen, spielt auch die Frage eine Rolle, wie die Kinder dort hinkommen und wer welche Kosten \u00fcbernimmt. Mehr zu euren Rechten liest du in unserem <a href=\"https:\/\/www.advocard.de\/streitlotse\/familie-und-vorsorge\/schuelerbefoerderung-so-ist-der-anspruch-geregelt\/\">Ratgeber: \u201eSch\u00fclerbef\u00f6rderung: Wichtiges zu Antrag, Kosten und Ausfall\u201c.<\/a><\/p>\n\n\n\n<div style=\"height:10px\" aria-hidden=\"true\" class=\"wp-block-spacer\"><\/div>\n\n\n\n<h2 class=\"wp-block-heading\">Was passiert, wenn kein Betreu\u00adungs\u00adplatz verf\u00fcgbar ist?<\/h2>\n\n\n\n<p>Auch wenn ein gesetzlicher Anspruch besteht, <strong>kann es in der Praxis zu Engp\u00e4ssen kommen.<\/strong> Nicht \u00fcberall sind bereits ausreichend Pl\u00e4tze vorhanden. Grunds\u00e4tzlich gilt: Der Tr\u00e4ger der \u00f6ffentlichen Jugendhilfe \u2013 meist das Jugendamt \u2013 ist <strong>verpflichtet, ein entsprechendes Angebot bereitzustellen.<\/strong><\/p>\n\n\n\n<p>Ist kein Platz verf\u00fcgbar, hast du <strong>Anspruch auf eine zumutbare Alternative.<\/strong> Dazu k\u00f6nnen andere Einrichtungen oder organisatorische L\u00f6sungen geh\u00f6ren, die den gesetzlichen Anspruch erf\u00fcllen.<\/p>\n\n\n\n<p>Sollte kurzfristig keine Betreuung verf\u00fcgbar sein, kann in Einzelf\u00e4llen auch die M\u00f6glichkeit in Betracht kommen, <a href=\"https:\/\/www.advocard.de\/streitlotse\/arbeit-und-karriere\/kita-geschlossen-darf-ich-mein-kind-mit-zur-arbeit-nehmen\/\">dass du dein Kind mit zur Arbeit nimmst<\/a> \u2013 nat\u00fcrlich nach Absprache mit deinem Arbeitgeber.<\/p>\n\n\n\n<div style=\"height:10px\" aria-hidden=\"true\" class=\"wp-block-spacer\"><\/div>\n\n\n\n<div class=\"multicolumn-container\">\n<div class=\"multicolumn-col\">\n<h2>FAQ<\/h2>\n<p>\n<\/p><ul>\n<li><b>Ab wann gilt der Anspruch auf Ganztagsbetreuung?<\/b><\/li>\n<\/ul>\n\n<p>\nDer Anspruch auf Ganztagsbetreuung startet ab dem 1. August 2026 zun\u00e4chst f\u00fcr Kinder der 1. Klasse. Bis zum Schuljahr 2029\/30 wird er schrittweise auf alle Grundschulklassen ausgeweitet.\n<\/p>\n<p>\n<\/p><ul>\n<li><b>Wie viele Stunden Betreuung stehen meinem Kind&nbsp;zu?<\/b><\/li>\n<\/ul>\n\n<p>\nIn der Regel umfasst die Ganztagsbetreuung bis zu acht Stunden t\u00e4glich an f\u00fcnf Werktagen, inklusive Unterricht. Auch Ferienzeiten sind grunds\u00e4tzlich einbezogen, mit m\u00f6glichen Schlie\u00dfzeiten.\n<\/p>\n<p>\n<\/p><ul>\n<li><b>Was kann ich tun, wenn mein Kind keinen Ganz\u00adtags\u00adplatz bekommt?<\/b><\/li>\n<\/ul>\n\n<p>\nDu hast Anspruch auf ein zumutbares alternatives Angebot durch den zust\u00e4ndigen Tr\u00e4ger. Reicht das nicht aus, kannst du deinen Anspruch rechtlich geltend machen.\n<\/p>\n<\/div>\n<\/div>\n","protected":false},"excerpt":{"rendered":"<p>Sp\u00e4testens mit der Einschulung stellt sich f\u00fcr viele Eltern die Frage: Wer betreut mein Kind nach dem Unterricht, an kurzen Schultagen oder in den Ferien? Genau hier setzt das Ganztagsf\u00f6rderungsgesetz an. Es schafft einen Rechtsanspruch auf ganzt\u00e4gige F\u00f6rderung f\u00fcr Kinder im Grundschulalter und soll damit die Betreuungsl\u00fccke nach der Kita schlie\u00dfen. Keinen Ganztagsplatz bekommen trotz [\u2026]<\/p>\n","protected":false},"author":1,"featured_media":0,"comment_status":"closed","ping_status":"closed","sticky":false,"template":"","format":"standard","meta":{"_acf_changed":false,"wp_typography_post_enhancements_disabled":false,"footnotes":""},"categories":[35,80,78],"tags":[614,945,941,939,940,942,943,944,403],"acf":[],"_links":{"self":[{"href":"https:\/\/www.advocard.de\/streitlotse\/wp-json\/wp\/v2\/posts\/27577"}],"collection":[{"href":"https:\/\/www.advocard.de\/streitlotse\/wp-json\/wp\/v2\/posts"}],"about":[{"href":"https:\/\/www.advocard.de\/streitlotse\/wp-json\/wp\/v2\/types\/post"}],"author":[{"embeddable":true,"href":"https:\/\/www.advocard.de\/streitlotse\/wp-json\/wp\/v2\/users\/1"}],"replies":[{"embeddable":true,"href":"https:\/\/www.advocard.de\/streitlotse\/wp-json\/wp\/v2\/comments?post=27577"}],"version-history":[{"count":4,"href":"https:\/\/www.advocard.de\/streitlotse\/wp-json\/wp\/v2\/posts\/27577\/revisions"}],"predecessor-version":[{"id":27585,"href":"https:\/\/www.advocard.de\/streitlotse\/wp-json\/wp\/v2\/posts\/27577\/revisions\/27585"}],"wp:attachment":[{"href":"https:\/\/www.advocard.de\/streitlotse\/wp-json\/wp\/v2\/media?parent=27577"}],"wp:term":[{"taxonomy":"category","embeddable":true,"href":"https:\/\/www.advocard.de\/streitlotse\/wp-json\/wp\/v2\/categories?post=27577"},{"taxonomy":"post_tag","embeddable":true,"href":"https:\/\/www.advocard.de\/streitlotse\/wp-json\/wp\/v2\/tags?post=27577"}],"curies":[{"name":"wp","href":"https:\/\/api.w.org\/{rel}","templated":true}]}}