{"id":21590,"date":"2021-02-02T16:57:23","date_gmt":"2021-02-02T15:57:23","guid":{"rendered":"https:\/\/www.advocard.de\/streitlotse\/?p=21590"},"modified":"2021-02-02T16:57:23","modified_gmt":"2021-02-02T15:57:23","slug":"ffp2-masken-was-du-zur-neuregelung-wissen-solltest","status":"publish","type":"post","link":"https:\/\/www.advocard.de\/streitlotse\/familie-und-vorsorge\/ffp2-masken-was-du-zur-neuregelung-wissen-solltest\/","title":{"rendered":"FFP2-Masken: Was du zur Neu\u00adre\u00adge\u00adlung wissen solltest"},"content":{"rendered":"<p>Manche Mund-Nasen-Bedeckungen sch\u00fctzen dich und deine Umgebung besser vor dem Coronavirus als andere Modelle. Deshalb haben Bund und L\u00e4nder am 19. Januar 2021 strengere Vorschriften zum Tragen von Masken beschlossen. Damit soll die Anzahl der Infektionsf\u00e4lle verringert werden.<\/p>\n<p><a href=\"https:\/\/www.advocard.de\/360-grad\/\">Wir setzen und auch in schwierigen Zeiten f\u00fcr deine Rechte ein &gt;&gt;<\/a><a href=\"https:\/\/www.advocard.de\/info\/privat\/\"><img loading=\"lazy\" decoding=\"async\" class=\"alignright wp-image-21284 size-full\" src=\"https:\/\/www.advocard.de\/streitlotse\/wp-content\/uploads\/2020\/10\/201019_Advocard_Teaser_Absicherung.jpg\" alt width=\"300\" height=\"190\"><\/a><\/p>\n<h2>FFP2 und medi\u00adzi\u00adni\u00adsche Masken: Welche Modelle sind erlaubt?<\/h2>\n<p>Das Wichtigste zuerst: Seit Ende Januar 2021 sind in vielen Bereichen des \u00f6ffentlichen Lebens \u2013 etwa beim Einkaufen und in \u00f6ffentlichen Verkehrsmitteln \u2013&nbsp; sogenannte <strong>medizinische Masken vorgeschrieben<\/strong>. Damit reichen einfache und selbstgen\u00e4hte Modelle aus Stoff dort nicht mehr aus.<\/p>\n<p>Zu den medizinischen Masken, die im Supermarkt oder im Bus zul\u00e4ssig sind, geh\u00f6ren zum Beispiel folgende Modelle:<\/p>\n<ul>\n<li>OP-Masken nach DIN EN&nbsp;14683<\/li>\n<li>FFP2<\/li>\n<li>FFP3<\/li>\n<li>N95 nach ame\u00adri\u00adka\u00adni\u00adschem Standard und KN95 nach chi\u00adne\u00adsi\u00adschem Standard \u2013 diese sollten aber aus\u00adschlie\u00df\u00adlich in Apotheken gekauft werden, damit Qualit\u00e4t und Funktion gew\u00e4hr\u00adleis\u00adtet&nbsp;sind.<\/li>\n<\/ul>\n<p>Medizinische Masken m\u00fcssen \u00fcberall dort im <strong>\u00f6ffentlichen Raum<\/strong> getragen werden, wo sich <strong>viele Menschen<\/strong> aufhalten und\/oder der <strong>Mindestabstand von 1,5 Metern<\/strong> <strong>nicht gew\u00e4hrleistet<\/strong> ist. Das Tragen dieser Masken ist auch am <strong>Arbeitsplatz<\/strong> vorgeschrieben, sofern dort der Arbeitgeber nicht f\u00fcr die Einhaltung der Abstandsregeln und anderer Schutzvorkehrungen sorgen kann.<\/p>\n<p>Achtung: Die konkrete Umsetzung dieser Bestimmungen ist Sache der Bundesl\u00e4nder. Deshalb k\u00f6nnen von Land zu Land unterschiedliche <a href=\"https:\/\/www.advocard.de\/streitlotse\/familie-und-vorsorge\/gesundheit\/corona-alles-was-du-wissen-musst\/\">Vorschriften<\/a> gelten.<\/p>\n<p>F\u00fcr <strong>Kinder <\/strong>gelten je nach Bundesland ebenfalls unterschiedliche Regelungen. In einigen L\u00e4ndern m\u00fcssen Kinder ab 6 Jahren beispielsweise ebenfalls medizinische Masken tragen, in anderen reicht eine Alltagsmaske aus.<\/p>\n<div class=\"fazitbox\">\n<div class=\"fazitbox-titel\">Info<\/div>\n<p><a href=\"https:\/\/www.advocard.de\/streitlotse\/familie-und-vorsorge\/diese-strafen-drohen-bei-verstoessen-gegen-die-maskenpflicht\/\">Wer gegen die Maskenpflicht verst\u00f6\u00dft<\/a> , kann zur Kasse gebeten werden. Die Bu\u00dfgeldkataloge variieren je nach Bundesland, in der Regel werden derzeit dreistellige Betr\u00e4ge f\u00fcr einen solchen Versto\u00df f\u00e4llig (Stand: Februar 2021).<\/p>\n<p>Befreit von der Maskenpflicht sind Menschen, die ein entsprechendes medizinisches Attest vorlegen k\u00f6nnen. Ausnahmen kann es etwa f\u00fcr Personen mit Behinderungen geben.<\/p>\n<\/div>\n<h2>Gef\u00e4lsch\u00adte FFP2-Masken im Umlauf: Daran erkennst du echte Masken<\/h2>\n<p>Die Corona-Pandemie hat die weltweite Nachfrage nach Masken enorm verst\u00e4rkt. Das verleitet Kriminelle dazu, <strong>gef\u00e4lschte Modelle<\/strong> auf den Markt zu bringen. Das Problem: Die Kopien sind nicht von offiziellen Stellen gepr\u00fcft und freigegeben. Deshalb kannst du dich auf die Schutzwirkung von gef\u00e4lschten Masken nicht verlassen.<\/p>\n<p>Fake-Masken sind auf den ersten Blick f\u00fcr Laien kaum von echten zu unterscheiden. Es gibt allerdings einige Merkmale, an denen du <strong>echte FFP2-Masken erkennen<\/strong> kannst.<\/p>\n<ul>\n<li>CE-Kenn\u00adzeich\u00adnung plus vier\u00adstel\u00adli\u00adge Nummer einer zuge\u00adlas\u00adse\u00adnen Pr\u00fcf\u00adstel\u00adle. Davon gibt es in Deutsch\u00adland momentan zwei \u2013 Dekra Testing and Cer\u00adti\u00adfi\u00adca\u00adti\u00adon GmbH (Pr\u00fcf\u00adnum\u00admer 0158) und das Institut f\u00fcr Arbeits\u00adschutz der Deutschen Gesetz\u00adli\u00adchen Unfall\u00adver\u00adsi\u00adche\u00adrung, kurz IFA (Pr\u00fcf\u00adnum\u00admer 0121). Es sind aller\u00addings von aner\u00adkann\u00adten aus\u00adl\u00e4n\u00addi\u00adschen Pr\u00fcf\u00adstel\u00adlen frei\u00adge\u00adge\u00adbe\u00adne Marken zul\u00e4ssig, die andere Nummern haben.<\/li>\n<li>Klas\u00adsi\u00adfi\u00adzie\u00adrung (z. B. FFP2) sowie nach einer Leer\u00adstel\u00adle je nach Modell die Angabe \u201cNR\u201d (nicht wie\u00adder\u00adver\u00adwend\u00adbar), \u201cR\u201d (wie\u00adder\u00adver\u00adwend\u00adbar) oder \u201cD\u201d f\u00fcr einen bestan\u00adde\u00adnen Dolomitstaubtest.<\/li>\n<li>Euro\u00adp\u00e4i\u00adsche Pr\u00fcf\u00adkenn\u00adzeich\u00adnung EN&nbsp;149<\/li>\n<li>Her\u00adstel\u00adlungs\u00adjahr<\/li>\n<li>Her\u00adstel\u00adler\u00adna\u00adme oder Markenzeichen<\/li>\n<\/ul>\n<p>Diese Merkmale deuten mit gro\u00dfer Wahrscheinlichkeit auf eine echte, gepr\u00fcfte Maske hin. M\u00f6chtest du ganz sichergehen, solltest du dich an den Hersteller wenden und dir von ihm eine EU-Baumusterpr\u00fcfbescheinigung vorlegen lassen.<\/p>\n<p>Tipp: Informationen \u00fcber bekannte Chargen gef\u00e4lschter FFP2-, OP- oder sonstiger Masken findest du online bei Internetportalen wie \u201c<a href=\"https:\/\/www.baua.de\/DE\/Themen\/Anwendungssichere-Chemikalien-und-Produkte\/Produktsicherheit\/Produktinformation\/Datenbank\/Produktsicherheit_form.html?nn=8684884&amp;meldev.GROUP=1&amp;prodkat.GROUP=1\">R\u00fcckrufe.de<\/a>\u201d oder \u201c<a href=\"https:\/\/www.produktwarnung.eu\/\">Produktwarnung.eu<\/a>\u201d.<\/p>\n<p><img loading=\"lazy\" decoding=\"async\" class=\"aligncenter wp-image-21591 size-large\" title=\"\u00a9 iStock.com\/JoshLi\" src=\"https:\/\/www.advocard.de\/streitlotse\/wp-content\/uploads\/2021\/02\/Streitlotse-FFP2-Masken-JoshLi-1024x472.jpg\" alt=\"FFP2-Masken: Was du zur Neuregelung wissen solltest\" width=\"1024\" height=\"472\" srcset=\"https:\/\/www.advocard.de\/streitlotse\/wp-content\/uploads\/2021\/02\/Streitlotse-FFP2-Masken-JoshLi-1024x472.jpg 1024w, https:\/\/www.advocard.de\/streitlotse\/wp-content\/uploads\/2021\/02\/Streitlotse-FFP2-Masken-JoshLi-300x138.jpg 300w, https:\/\/www.advocard.de\/streitlotse\/wp-content\/uploads\/2021\/02\/Streitlotse-FFP2-Masken-JoshLi-768x354.jpg 768w, https:\/\/www.advocard.de\/streitlotse\/wp-content\/uploads\/2021\/02\/Streitlotse-FFP2-Masken-JoshLi.jpg 1140w\" sizes=\"(max-width: 1024px) 100vw, 1024px\"><\/p>\n<h2>Wer bekommt ver\u00adg\u00fcns\u00adtig\u00adte oder kos\u00adten\u00adlo\u00adse Masken?<\/h2>\n<p>Wegen der gestiegenen Nachfrage sind die Preise sowohl f\u00fcr OP-Masken (im Schnitt 0,50 Euro\/St\u00fcck, Stand: Februar 2021) als auch FFP2-Masken (ca. 1,50 Euro\/St\u00fcck) stark in Bewegung. Teils werden f\u00fcr FFP2-Masken bis zu 8 Euro verlangt. Deshalb kann die Pflicht, solche Masken in bestimmten Bereichen zu tragen, teilweise ganz sch\u00f6n ins Geld gehen.<\/p>\n<p><strong>Mitglieder von Risikogruppen bekommen seit Dezember verg\u00fcnstigte FFP2-Masken.<\/strong> Entsprechende Coupons verschicken die Krankenkassen an Betroffene, es muss daf\u00fcr kein Antrag gestellt werden. Dazu geh\u00f6ren Menschen, die \u00e4lter als 60 Jahre sind und\/oder etwa folgende Vorerkrankungen haben:<\/p>\n<ul>\n<li>chronisch-obstruk\u00adti\u00adve Lungenerkrankung<\/li>\n<li>Asthma<\/li>\n<li>chro\u00adni\u00adsche Herzinsuffizienz<\/li>\n<li>chro\u00adni\u00adsche Nie\u00adren\u00adin\u00adsuf\u00adfi\u00adzi\u00adenz des Stadiums 4 oder&nbsp;h\u00f6her<\/li>\n<li>Demenz<\/li>\n<li>Schlag\u00adan\u00adfall<\/li>\n<li>Diabetes mellitus Typ&nbsp;2<\/li>\n<li>aktive, fort\u00adschrei\u00adten\u00adde oder metasta\u00adsier\u00adte Krebserkrankung<\/li>\n<li>akute Chemo- oder Radio\u00adthe\u00adra\u00adpie, die die Immun\u00adab\u00adwehr beein\u00adtr\u00e4ch\u00adti\u00adgen&nbsp;kann<\/li>\n<li>Organ- oder Stammzellentransplantation<\/li>\n<li>Trisomie 21<\/li>\n<\/ul>\n<p>Auch einige <strong>j\u00fcngere Menschen, die sich eigentlich gesund f\u00fchlen<\/strong>, haben in den letzten Wochen Masken-Coupons von ihrer Krankenkasse erhalten \u2013 und sich zum Teil gewundert. Hintergrund kann laut einem Bericht der Deutschen Presse-Agentur (dpa) eine fr\u00fcher einmal gestellte \u00e4rztliche Diagnose sein, die den Vorerkrankungskriterien entspricht. Auch diese Coupons k\u00f6nnen also in der Regel einfach eingel\u00f6st werden.<\/p>\n<p><a href=\"https:\/\/www.advocard.de\/streitlotse\/arbeit-und-karriere\/arbeitsvertrag\/vermoegen-bei-hartz-iv-was-ist-moeglich\/\">Hartz-IV-Empf\u00e4nger<\/a> sollen jeweils zehn kostenlose FFP2-Masken bekommen. Sie erhalten ein entsprechendes Schreiben ihrer Krankenkasse. Mit diesem und unter Vorlage ihres Personalausweises sollen sie die Gratis-Masken in den Apotheken abholen k\u00f6nnen.<\/p>\n","protected":false},"excerpt":{"rendered":"<p>Manche Mund-Nasen-Bedeckungen sch\u00fctzen dich und deine Umgebung besser vor dem Coronavirus als andere Modelle. Deshalb haben Bund und L\u00e4nder am 19. Januar 2021 strengere Vorschriften zum Tragen von Masken beschlossen. Damit soll die Anzahl der Infektionsf\u00e4lle verringert werden. Wir setzen und auch in schwierigen Zeiten f\u00fcr deine Rechte ein &gt;&gt; FFP2 und medi\u00adzi\u00adni\u00adsche Masken: Welche [\u2026]<\/p>\n","protected":false},"author":1,"featured_media":0,"comment_status":"closed","ping_status":"closed","sticky":false,"template":"","format":"standard","meta":{"_acf_changed":false,"wp_typography_post_enhancements_disabled":false,"footnotes":""},"categories":[35,83],"tags":[],"acf":[],"_links":{"self":[{"href":"https:\/\/www.advocard.de\/streitlotse\/wp-json\/wp\/v2\/posts\/21590"}],"collection":[{"href":"https:\/\/www.advocard.de\/streitlotse\/wp-json\/wp\/v2\/posts"}],"about":[{"href":"https:\/\/www.advocard.de\/streitlotse\/wp-json\/wp\/v2\/types\/post"}],"author":[{"embeddable":true,"href":"https:\/\/www.advocard.de\/streitlotse\/wp-json\/wp\/v2\/users\/1"}],"replies":[{"embeddable":true,"href":"https:\/\/www.advocard.de\/streitlotse\/wp-json\/wp\/v2\/comments?post=21590"}],"version-history":[{"count":9,"href":"https:\/\/www.advocard.de\/streitlotse\/wp-json\/wp\/v2\/posts\/21590\/revisions"}],"predecessor-version":[{"id":21600,"href":"https:\/\/www.advocard.de\/streitlotse\/wp-json\/wp\/v2\/posts\/21590\/revisions\/21600"}],"wp:attachment":[{"href":"https:\/\/www.advocard.de\/streitlotse\/wp-json\/wp\/v2\/media?parent=21590"}],"wp:term":[{"taxonomy":"category","embeddable":true,"href":"https:\/\/www.advocard.de\/streitlotse\/wp-json\/wp\/v2\/categories?post=21590"},{"taxonomy":"post_tag","embeddable":true,"href":"https:\/\/www.advocard.de\/streitlotse\/wp-json\/wp\/v2\/tags?post=21590"}],"curies":[{"name":"wp","href":"https:\/\/api.w.org\/{rel}","templated":true}]}}