{"id":21183,"date":"2022-11-29T11:30:00","date_gmt":"2022-11-29T10:30:00","guid":{"rendered":"https:\/\/www.advocard.de\/streitlotse\/?p=21183"},"modified":"2022-11-29T15:41:14","modified_gmt":"2022-11-29T14:41:14","slug":"neue-corona-arbeitsschutzregelungen-auch-fuers-homeoffice","status":"publish","type":"post","link":"https:\/\/www.advocard.de\/streitlotse\/arbeit-und-karriere\/neue-corona-arbeitsschutzregelungen-auch-fuers-homeoffice\/","title":{"rendered":"Corona-Arbeits\u00adschutz: Pflichten von Arbeit\u00adge\u00adbern und Arbeitnehmern"},"content":{"rendered":"\n<p>Die SARS-CoV-2-Arbeitsschutzverordnung nimmt Arbeitgeber in die Pflicht, ihre Mitarbeiter vor einer Corona-Infektion zu sch\u00fctzen. Welche aktuellen Rechte du als Arbeitnehmer daraus ableiten kannst, worauf du selbst achten solltest und wann eine Corona-Infektion im Job als Arbeitsunfall anerkannt werden kann, liest du hier.<\/p>\n\n\n\n<div class=\"wp-block-image\"><figure class=\"alignright size-full\"><a href=\"https:\/\/www.advocard.de\/info\/arbeit\/\" target=\"_blank\" rel=\"noopener\"><img loading=\"lazy\" decoding=\"async\" width=\"300\" height=\"190\" src=\"https:\/\/www.advocard.de\/streitlotse\/wp-content\/uploads\/2020\/10\/201019_Advocard_Teaser_Arbeit.jpg\" alt=\"Alle Informationen zur Arbeitsrechtsschutz von ADVOCARD\" class=\"wp-image-21290\" title=\"Alle Informationen zur Arbeitsrechtsschutz von ADVOCARD\"><\/a><\/figure><\/div>\n\n\n\n<p><a><\/a><a href=\"https:\/\/www.advocard.de\/berufsrechtsschutz\/\">Bei Schwierigkeiten im Berufsleben rechtlich gut abgesichert &gt;&gt;<\/a><\/p>\n\n\n\n<h2 class=\"wp-block-heading\"><a><\/a>Corona-Regeln zum Arbeits\u00adschutz: Arbeit\u00adge\u00adber hat F\u00fcrsorgepflicht<\/h2>\n\n\n\n<p>Seit Beginn der <a href=\"https:\/\/www.advocard.de\/streitlotse\/familie-und-vorsorge\/gesundheit\/corona-alles-was-du-wissen-musst\/\">Corona-Pandemie<\/a> sind regelm\u00e4\u00dfig neue Arbeitsschutzregelungen in Kraft getreten. Neben grunds\u00e4tzlichen Vorgaben etwa zur Hygiene am Arbeitsplatz gibt es seit 2021 die<strong> SARS-CoV-2-Arbeitsschutzverordnung<\/strong>,die zus\u00e4tzliche Ma\u00dfnahmen und detaillierte Vorgaben enth\u00e4lt.Zwischen dem 25. Mai und dem 30. September 2022 war sie vor\u00fcbergehend au\u00dfer Kraft.<\/p>\n\n\n\n<p>F\u00fcr den Schutz vor Corona-Infektionen am Arbeitsplatz ist grunds\u00e4tzlich der <a href=\"https:\/\/www.advocard.de\/arbeitgeber-rechtsschutz\/\">Arbeitgeber verantwortlich<\/a>. Grundlage daf\u00fcr ist eine verpflichtende <strong>Gef\u00e4hrdungsbeurteilung<\/strong> in Bezug auf den Infektionsschutz, die im Arbeitsschutzgesetz (ArbSchG) vorgesehen ist. Auf der Basis dieser Beurteilung muss der Arbeitgeber ein <strong>Hygienekonzept<\/strong> umsetzen. Dieses muss nach der Corona-Arbeitsschutzverordnung unter anderem gew\u00e4hrleisten,<\/p>\n\n\n\n<ul><li>dass Besch\u00e4f\u00adtig\u00adte am Arbeits\u00adplatz min\u00addes\u00adtens 1,5 Meter Abstand zu anderen Personen halten k\u00f6nnen oder ein zus\u00e4tz\u00adli\u00adcher Schutz (Trenn\u00adw\u00e4n\u00adde) ein\u00adge\u00adrich\u00adtet&nbsp;wird,<\/li><li>dass die Hand\u00adhy\u00adgie\u00adne ein\u00adge\u00adhal\u00adten werden kann,<\/li><li>dass zwi\u00adschen\u00admensch\u00adli\u00adche Kontakte am Arbeits\u00adplatz auf das Not\u00adwen\u00addi\u00adge reduziert sind<\/li><li>und dass in allen Arbeits\u00adr\u00e4u\u00admen aus\u00adrei\u00adchend gel\u00fcftet wird.<\/li><\/ul>\n\n\n\n<p><strong>Hast du den Eindruck, dass dein Arbeitgeber seinen Pflichten in Bezug auf den Infektionsschutz nicht nachkommt<\/strong>, solltest du zun\u00e4chst deine Vorgesetzten ansprechen und darauf hinweisen. Reagiert der Arbeitgeber nicht, kannst du dich an den Betriebsrat oder an die zust\u00e4ndigen Aufsichtsbeh\u00f6rden wenden. Die pr\u00fcfen dann in deinem Unternehmen, ob dort in dieser Hinsicht <a href=\"https:\/\/www.advocard.de\/info\/arbeit\/\">alles mit rechten Dingen zugeht<\/a>.<\/p>\n\n\n\n<p>Gem\u00e4\u00df seinem Hausrecht kann der Arbeitgeber auch Kunden, Gesch\u00e4ftspartner oder Besucher wegen erh\u00f6hten Infektionsrisikos beispielsweise zum Maskentragen auffordern.<\/p>\n\n\n\n<h2 class=\"wp-block-heading\">Muss mein Arbeit\u00adge\u00adber Corona-Tests und Masken zur Verf\u00fcgung stellen?<\/h2>\n\n\n\n<p><strong>Der Arbeitgeber muss Masken zur Verf\u00fcgung stellen<\/strong>, wenn sonst keine ausreichenden Ma\u00dfnahmen zum Infektionsschutz getroffen werden k\u00f6nnen \u2013 also zum Beispiel, wenn es nicht m\u00f6glich ist, dass Mindestabst\u00e4nde eingehalten oder zwischen den einzelnen Arbeitspl\u00e4tzen Trennw\u00e4nde aufgestellt werden. Die Mitarbeiter m\u00fcssen diese Masken dann verpflichtend tragen<\/p>\n\n\n\n<p>Auf der Grundlage einer Gef\u00e4hrdungsbeurteilung k\u00f6nnen Arbeitgeber das Tragen einer Maske am Arbeitsplatz grunds\u00e4tzlich immer anordnen. Auch dann m\u00fcssen sie die Masken zur Verf\u00fcgung stellen.<\/p>\n\n\n\n<p><strong>Arbeitgeber sind weiterhin nicht grunds\u00e4tzlich dazu verpflichtet, Mitarbeitern kostenfreie Corona-Schnelltests zur Verf\u00fcgung zu stellen<\/strong>. Sie sind lediglich dazu angehalten, diese M\u00f6glichkeit im Rahmen der Gef\u00e4hrdungsbeurteilung zu pr\u00fcfen. Das ist vor allem in Betrieben relevant, in denen Homeoffice keine Option ist.<\/p>\n\n\n\n<h2 class=\"wp-block-heading\">Muss mein Arbeit\u00adge\u00adber Home\u00adof\u00adfice anbieten?<\/h2>\n\n\n\n<p>Eine generelle Homeoffice-Pflicht gibt es nicht mehr. Dennoch sollen Arbeitgeber nach der SARS-CoV-2-Arbeitsschutzverordnung seit Oktober 2022 wieder verst\u00e4rkt die M\u00f6glichkeit in Betracht ziehen, ihre Mitarbeiter von zu Hause aus arbeiten zu lassen. Denn die <strong>Kontakte im Betrieb sollen m\u00f6glichst eingeschr\u00e4nkt werden<\/strong>.<\/p>\n\n\n\n<p>Sinnvoll ist Homeoffice sp\u00e4testens dann, wenn du Kontakt mit einer infizierten Person hattest und deine Kollegen nicht gef\u00e4hrden m\u00f6chtest. Da du als Kontaktperson derzeit weder zwingend in Quarant\u00e4ne musst noch eine Arbeitsunf\u00e4higkeitsbescheinigung (AU) ausgeh\u00e4ndigt bekommst, l\u00e4ge ein Homeoffice-Angebot sicher auch im Interesse deines Arbeitgebers. In so einem Fall suchst du am besten das Gespr\u00e4ch.<\/p>\n\n\n\n<h2 class=\"wp-block-heading\">Darf mein Arbeit\u00adge\u00adber einen Impf\u00adnach\u00adweis verlangen?<\/h2>\n\n\n\n<p><strong>Arbeitgeber haben grunds\u00e4tzlich kein Recht, den Impfstatus ihrer Mitarbeitenden direkt abzufragen<\/strong>. Es sei denn, der Betrieb f\u00e4llt unter eine Ausnahmeregelung, beispielsweise in der Pflege und weiteren medizinischen Einrichtungen. Hier gilt seit dem 15. M\u00e4rz 2022 grunds\u00e4tzlich die <strong>einrichtungsbezogene Impfpflicht <\/strong>\u2013 vorbehaltlich abweichender Regelungen der einzelnen Bundesl\u00e4nder.<\/p>\n\n\n\n<p>F\u00fcr alle anderen Arbeitnehmer gilt: <strong>Es gibt keine 3G-Regelung am Arbeitsplatz mehr<\/strong> \u2013 du ben\u00f6tigst also weder einen Impf-, Test- noch Genesenennachweis, um deine Arbeitsst\u00e4tte zu betreten. Gut zu wissen: Arbeitgeber sind verpflichtet, die bereits erhobenen Daten \u00fcber den Impfstatus ihrer Mitarbeitenden nach sechs Monaten zu l\u00f6schen.<\/p>\n\n\n\n<p>Wenn du <strong>w\u00e4hrend der Arbeitszeit einen Termin f\u00fcr eine Corona-Impfung<\/strong> hast, darf dein Arbeitgeber nichts dagegen sagen. Denn die Corona-Arbeitsschutzverordnung verpflichtet ihn dazu, Impfungen w\u00e4hrend der Arbeitszeit zu erm\u00f6glichen.<\/p>\n\n\n\n<figure class=\"wp-block-image size-large\"><img loading=\"lazy\" decoding=\"async\" width=\"1024\" height=\"472\" src=\"https:\/\/www.advocard.de\/streitlotse\/wp-content\/uploads\/2020\/08\/Streitlotse-Neue-Corona-Arbeitsschutzregelungen-nikom1234-1024x472.jpg\" alt=\"Handwerker und Handwerkerinnen mit Schutzhelm und medizinischen Masken\" class=\"wp-image-21186\" title=\"Corona-Arbeitsschutz: Pflichten von Arbeitgebern und Arbeitnehmern\" srcset=\"https:\/\/www.advocard.de\/streitlotse\/wp-content\/uploads\/2020\/08\/Streitlotse-Neue-Corona-Arbeitsschutzregelungen-nikom1234-1024x472.jpg 1024w, https:\/\/www.advocard.de\/streitlotse\/wp-content\/uploads\/2020\/08\/Streitlotse-Neue-Corona-Arbeitsschutzregelungen-nikom1234-300x138.jpg 300w, https:\/\/www.advocard.de\/streitlotse\/wp-content\/uploads\/2020\/08\/Streitlotse-Neue-Corona-Arbeitsschutzregelungen-nikom1234-768x354.jpg 768w, https:\/\/www.advocard.de\/streitlotse\/wp-content\/uploads\/2020\/08\/Streitlotse-Neue-Corona-Arbeitsschutzregelungen-nikom1234.jpg 1140w\" sizes=\"(max-width: 1024px) 100vw, 1024px\"><figcaption>\u00a9 iStock.com\/nikom1234<\/figcaption><\/figure>\n\n\n\n<h2 class=\"wp-block-heading\">Muss ich es dem Arbeit\u00adge\u00adber sagen, wenn ich Corona-positiv bin?<\/h2>\n\n\n\n<p>Wenn du wei\u00dft, dass du aktuell positiv bist, sollte es selbstverst\u00e4ndlich sein, dass du zum Schutz anderer Menschen nicht zur Arbeit gehst, sondern allenfalls im Homeoffice arbeitest. Eine generelle Verpflichtung, dem Arbeitgeber eine Corona-Infektion mitzuteilen, gibt es nicht. Wenn du beispielsweise ausschlie\u00dflich im Homeoffice arbeitest oder l\u00e4ngere Zeit nicht im Betrieb warst, reicht es, dich krankzumelden und eine AU einzureichen. Details musst du dem Arbeitgeber in diesem Fall nicht verraten.<\/p>\n\n\n\n<p>Wenn du jedoch gerade erst noch am Arbeitsplatz warst und das <strong>Risiko besteht, dass du Kollegen angesteckt haben k\u00f6nntest<\/strong>, musst du deinem Arbeitgeber dies mitteilen, damit er gegebenenfalls weitere Schutzma\u00dfnahmen treffen kann.<\/p>\n\n\n\n<h2 class=\"wp-block-heading\">Muss ich arbeiten, wenn ich in Qua\u00adran\u00adt\u00e4\u00adne&nbsp;bin?<\/h2>\n\n\n\n<p>Wenn du mit Covid-19 infiziert bist, musst du dich in der Regel f\u00fcr mindestens f\u00fcnf Tage in Isolation begeben, bis du wieder negativ getestet bist. Hast du Symptome, kannst du dich f\u00fcr diese Zeit einfach <strong>vom Arzt krankschreiben lassen<\/strong>. Gut zu wissen: Die telefonische Krankschreibung ist in solchen F\u00e4llen m\u00f6glich, aktuell befristet bis zum 31. M\u00e4rz 2023.<\/p>\n\n\n\n<p>Geht es dir trotz Infektion gut und du hast die M\u00f6glichkeit zur Homeoffice-Arbeit, solltest du mit deinem Arbeitgeber besprechen, wie ihr weiter vorgeht.<\/p>\n\n\n\n<p>Wenn du w\u00e4hrend der Isolationszeit im Homeoffice arbeiten kannst, erh\u00e4ltst du dein Gehalt nat\u00fcrlich auch weiterhin.<\/p>\n\n\n\n<h2 class=\"wp-block-heading\">Wann gilt Corona als Arbeitsunfall?<\/h2>\n\n\n\n<p>Steckst du dich trotz aller Vorsichtsma\u00dfnahmen deines Arbeitgebers in deinem Betrieb an, kann die Erkrankung mit Corona <a href=\"https:\/\/www.advocard.de\/streitlotse\/arbeit-und-karriere\/arbeitsunfall-wo-gilt-der-gesetzliche-versicherungsschutz\/\">als Arbeitsunfall oder Wegeunfall gelten<\/a>. Entscheidend ist dabei, dass es <strong>nachweislich im Rahmen deiner T\u00e4tigkeit<\/strong> beziehungsweise auf dem Arbeitsweg und nicht in deinem privaten Umfeld zur Infektion gekommen ist. Ebenfalls erforderlich ist ein positiver PCR-Test.<\/p>\n\n\n\n<p>M\u00f6glich ist eine Einstufung als Arbeitsunfall unter folgenden Umst\u00e4nden.<\/p>\n\n\n\n<ul><li>Du hattest im Zuge deiner T\u00e4tigkeit f\u00fcr eine bestimmte Dauer engen Kontakt mit einer infi\u00adzier\u00adten Person (Index-Person). Eine Ori\u00aden\u00adtie\u00adrung bez\u00fcglich der soge\u00adnann\u00adten Kon\u00adtakt\u00adzeit gibt das Robert-Koch-Institut mit seinen Hinweisen zur <a href=\"https:\/\/www.rki.de\/DE\/Content\/InfAZ\/N\/Neuartiges_Coronavirus\/Kontaktperson\/Management.html;jsessionid=760ED168C1B5ACFFBDE3AB484C1AD51A.internet092?nn=13490888#doc13516162bodyText4\">Kon\u00adtakt\u00adper\u00adso\u00adnen-Nach\u00adver\u00adfol\u00adgung<\/a>.<\/li><li>In deiner beruf\u00adli\u00adchen Umgebung gab es viele infek\u00adti\u00f6\u00adse Menschen sowie die Anste\u00adckung beg\u00fcns\u00adti\u00adgen\u00adde Bedin\u00adgun\u00adgen (zum Beispiel Inten\u00adsi\u00adt\u00e4t, Anzahl und Dauer der Kontakte, r\u00e4umliche Umst\u00e4nde oder vom Arbeit\u00adge\u00adber orga\u00adni\u00adsier\u00adte Grup\u00adpen\u00adbe\u00adf\u00f6r\u00adde\u00adrung sowie Fahr\u00adge\u00admein\u00adschaf\u00adten und Auf\u00adent\u00adhal\u00adte in der Kantine).<\/li><\/ul>\n\n\n\n<p>Besteht der Verdacht, dass die Corona-Infektion ein Arbeitsunfall war, solltest du deinen Arbeitgeber umgehend dar\u00fcber informieren. Er muss dann eine <strong>Unfallanzeige beim zust\u00e4ndigen Unfallversicherungstr\u00e4ger<\/strong> stellen. N\u00e4here Informationen zur <a href=\"https:\/\/www.dguv.de\/de\/ihr_partner\/unternehmen\/unfallanzeige\/index.jsp\">Unfallanzeige<\/a> gibt die Deutsche Gesetzliche Unfallversicherung (DGUV).<\/p>\n\n\n\n<p>Die betriebliche Unfallversicherung pr\u00fcft anschlie\u00dfend, ob die Bedingungen f\u00fcr einen Arbeitsunfall gegeben sind. Dabei untersucht sie beispielsweise, ob es Verst\u00f6\u00dfe gegen die Corona-Regeln beim Arbeitsschutz gegeben hat. Trotzdem solltest auch du entsprechende Sachverhalte notieren, gegebenenfalls Zeugen benennen und dar\u00fcber die Unfallversicherung informieren. Die kontrolliert allerdings ebenso, ob die Ansteckung wom\u00f6glich an anderer Stelle erfolgt sein k\u00f6nnte. Das ist <strong>im Einzelfall zweifelsfrei zu kl\u00e4ren<\/strong>.<\/p>\n\n\n\n<p>Dass das durchaus schwierig sein kann, zeigt ein Urteil aus September 2022: Eine B\u00fcroangestellte, die nach einer Covid-19-Infektion unter Langzeitfolgen (Long Covid) litt, klagte vor dem <strong>Sozialgericht Konstanz <\/strong>auf Anerkennung als Arbeitsunfall. Sie begr\u00fcndete dies damit, dass sie drei Tage vor den ersten Symptomen Kontakt in ihrem Betrieb mit einer infizierten Person hatte. Dies reichte dem Gericht allerdings nicht als urs\u00e4chlich aus, da die Frau im ma\u00dfgeblichen Zeitraum auch famili\u00e4ren Umgang hatte sowie einkaufen gegangen war (AZ S 1 U 452\/22).<\/p>\n\n\n<div class=\"fazitbox\">\n<div class=\"fazitbox-titel\">INFO<\/div>\n<p><strong>Corona als Arbeitsunfall: Diese Rechte kannst du geltend machen<\/strong><\/p>\n<p>Die Anerkennung von Corona als Arbeitsunfall beziehungsweise als Wegeunfall hat einige Vorteile. So tr\u00e4gt die Unfallversicherung sowohl die Kosten der akuten medizinischen Behandlung sowie die Aufwendungen f\u00fcr die <strong>Rehabilitation<\/strong>. Bleibt die Erwerbsf\u00e4higkeit gemindert oder kommt es zu schweren dauerhaften Sp\u00e4tfolgen, zahlt sie unter Umst\u00e4nden eine <strong>Rente<\/strong>; gegebenenfalls auch eine Hinterbliebenenrente. Vergleichbare Leistungen bietet die gesetzliche Krankenkasse entweder nur eingeschr\u00e4nkt oder \u2013 wie eine Rente \u2013 gar nicht. Die beschriebenen Vorteile gelten \u00fcbrigens auch, wenn Corona als Berufskrankheit anerkannt wurde.<\/p>\n<\/div>\n\n\n<h2 class=\"wp-block-heading\">Wann gilt Corona als Berufskrankheit?<\/h2>\n\n\n\n<p>Es gibt T\u00e4tigkeiten, deren Aus\u00fcbung mit besonderen Ansteckungsrisiken verbunden ist. Welche Berufe das betrifft, regelt die <strong>Berufskrankheitenliste<\/strong> unter der Nummer 3101 (Infektionskrankheiten). Sie gilt, \u201ewenn der Versicherte <strong>im Gesundheitsdienst, in der Wohlfahrtspflege oder in einem Laboratorium<\/strong> t\u00e4tig oder durch eine andere T\u00e4tigkeit der Infektionsgefahr in \u00e4hnlichem Ma\u00dfe besonders ausgesetzt war\u201c.<\/p>\n\n\n\n<p>Das betrifft beispielsweise Besch\u00e4ftigte in:<\/p>\n\n\n\n<ul><li>Kran\u00adken\u00adh\u00e4u\u00adsern<\/li><li>\u00e4rzt\u00adli\u00adchen Praxen<\/li><li>Ret\u00adtungs\u00addiens\u00adten<\/li><li>Pfle\u00adge\u00addiens\u00adten und -einrichtungen<\/li><li>Kitas<\/li><li>Sucht- und Obdachlosenhilfen<\/li><\/ul>\n\n\n\n<p>Entscheidend ist analog zur Anerkennung von Corona als Arbeitsunfall, dass es im beruflichen Umfeld nachweislich zu Kontakt mit Index-Personen gekommen ist oder besondere Infektionsgefahren bestanden haben. Ebenso m\u00fcssen klinische Krankheitssymptome sowie ein positiver PCR-Test vorliegen. Weitere Details findest du im Merkblatt \u201e<a href=\"https:\/\/publikationen.dguv.de\/widgets\/pdf\/download\/article\/3854\">COVID-19 als Berufskrankheit \u2013 Informationen f\u00fcr Besch\u00e4ftigte im Gesundheitswesen<\/a>\u201c von der Deutschen interdisziplin\u00e4ren Vereinigung f\u00fcr Intensiv- und Notfallmedizin sowie der DGUV.<\/p>\n","protected":false},"excerpt":{"rendered":"<p>Die SARS-CoV-2-Arbeitsschutzverordnung nimmt Arbeitgeber in die Pflicht, ihre Mitarbeiter vor einer Corona-Infektion zu sch\u00fctzen. Welche aktuellen Rechte du als Arbeitnehmer daraus ableiten kannst, worauf du selbst achten solltest und wann eine Corona-Infektion im Job als Arbeitsunfall anerkannt werden kann, liest du hier. Bei Schwierigkeiten im Berufsleben rechtlich gut abgesichert &gt;&gt; Corona-Regeln zum Arbeits\u00adschutz: Arbeit\u00adge\u00adber hat [\u2026]<\/p>\n","protected":false},"author":1,"featured_media":0,"comment_status":"closed","ping_status":"closed","sticky":false,"template":"","format":"standard","meta":{"_acf_changed":false,"wp_typography_post_enhancements_disabled":false,"footnotes":""},"categories":[3],"tags":[],"acf":[],"_links":{"self":[{"href":"https:\/\/www.advocard.de\/streitlotse\/wp-json\/wp\/v2\/posts\/21183"}],"collection":[{"href":"https:\/\/www.advocard.de\/streitlotse\/wp-json\/wp\/v2\/posts"}],"about":[{"href":"https:\/\/www.advocard.de\/streitlotse\/wp-json\/wp\/v2\/types\/post"}],"author":[{"embeddable":true,"href":"https:\/\/www.advocard.de\/streitlotse\/wp-json\/wp\/v2\/users\/1"}],"replies":[{"embeddable":true,"href":"https:\/\/www.advocard.de\/streitlotse\/wp-json\/wp\/v2\/comments?post=21183"}],"version-history":[{"count":29,"href":"https:\/\/www.advocard.de\/streitlotse\/wp-json\/wp\/v2\/posts\/21183\/revisions"}],"predecessor-version":[{"id":24292,"href":"https:\/\/www.advocard.de\/streitlotse\/wp-json\/wp\/v2\/posts\/21183\/revisions\/24292"}],"wp:attachment":[{"href":"https:\/\/www.advocard.de\/streitlotse\/wp-json\/wp\/v2\/media?parent=21183"}],"wp:term":[{"taxonomy":"category","embeddable":true,"href":"https:\/\/www.advocard.de\/streitlotse\/wp-json\/wp\/v2\/categories?post=21183"},{"taxonomy":"post_tag","embeddable":true,"href":"https:\/\/www.advocard.de\/streitlotse\/wp-json\/wp\/v2\/tags?post=21183"}],"curies":[{"name":"wp","href":"https:\/\/api.w.org\/{rel}","templated":true}]}}