{"id":19000,"date":"2023-04-05T11:38:00","date_gmt":"2023-04-05T10:38:00","guid":{"rendered":"https:\/\/www.advocard.de\/streitlotse\/arbeit-und-karriere\/wann-ist-hecke-schneiden-erlaubt-wann-verboten\/"},"modified":"2023-04-05T14:36:21","modified_gmt":"2023-04-05T13:36:21","slug":"wann-ist-hecke-schneiden-erlaubt-wann-verboten","status":"publish","type":"post","link":"https:\/\/www.advocard.de\/streitlotse\/mieten-und-wohnen\/wann-ist-hecke-schneiden-erlaubt-wann-verboten\/","title":{"rendered":"Wann ist Hecke schneiden erlaubt, wann verboten?"},"content":{"rendered":"\n<p>Die eigene Hecke schneiden ist nur in einem bestimmten Zeitraum des Jahres erlaubt. Die Regeln dazu stehen im Bundesnaturschutzgesetz. Aber warum darfst du deine private Hecke nicht schneiden, wann du willst? Und was droht, wenn du gegen das Verbot verst\u00f6\u00dft? Das erf\u00e4hrst du hier. <\/p>\n\n\n<div class=\"wp-block-image\">\n<figure class=\"alignright size-full\"><a href=\"https:\/\/www.advocard.de\/info\/miete\/\" target=\"_blank\" rel=\"noreferrer noopener\"><img loading=\"lazy\" decoding=\"async\" width=\"300\" height=\"190\" src=\"https:\/\/www.advocard.de\/streitlotse\/wp-content\/uploads\/2020\/10\/201019_Advocard_Teaser_Miete.jpg\" alt=\"Alle Informationen zur Mietrechtsschutz von ADVOCARD\" class=\"wp-image-21292\" title=\"Alle Informationen zur Mietrechtsschutz von ADVOCARD\"><\/a><\/figure><\/div>\n\n\n<p><a href=\"https:\/\/www.advocard.de\/privatrechtsschutz\/\">Nachbarschaftsstreit am Gartenzaun? Wir sch\u00fctzen deine Rechte. &gt;&gt;<\/a><\/p>\n\n\n\n<h2 class=\"wp-block-heading\">Wann darf man Hecken schneiden?<\/h2>\n\n\n\n<p>Wann du Hecken schneiden darfst, regelt das Bundesnaturschutzgesetz (BNatschG). Ma\u00dfgeblich ist \u00a7 39 Absatz 5 Satz 2.<\/p>\n\n\n\n<ul>\n<li>Demnach ist es vom <strong>1. M\u00e4rz bis zum 30. September,<\/strong> also \u00fcber einen Zeitraum von sieben Monaten im Jahr, verboten, Hecken \u201eabzu\u00adschnei\u00adden, auf den Stock zu setzen oder zu beseitigen\u201c.<\/li>\n\n\n\n<li>Erlaubt ist der Hecken\u00adschnitt im privaten Garten ent\u00adspre\u00adchend im Zeitraum von Oktober bis ein\u00adschlie\u00df\u00adlich Februar.<\/li>\n<\/ul>\n\n\n\n<p>Diese Regelung bezieht sich nicht <strong>nur auf Hecken, sondern auch auf Geb\u00fcsche, sogenannte lebende Z\u00e4une und andere Geh\u00f6lze<\/strong> \u2013 und gem\u00e4\u00df \u00a7 39 Absatz 5 Satz 3 BNatschG auch auf R\u00f6hrichte, also zum Beispiel Schilf, das an Seen und Teichen w\u00e4chst.<\/p>\n\n\n\n<p>Wer gegen das Verbot verst\u00f6\u00dft, riskiert ein Bu\u00dfgeld. Das Bundesnaturschutzgesetz ist allerdings nur eine <strong>allgemeine Richtlinie, von der manche Bundesl\u00e4nder abweichen<\/strong>. Die konkrete H\u00f6he eines Bu\u00dfgeldes wird dementsprechend je nach Bundesland und Einzelfall festgelegt.<\/p>\n\n\n\n<h2 class=\"wp-block-heading\">Tiere sollen w\u00e4hrend der Brutzeit gesch\u00fctzt werden<\/h2>\n\n\n\n<p>Der Hintergrund f\u00fcr das Verbot ist nicht etwa die <a href=\"https:\/\/www.advocard.de\/streitlotse\/mieten-und-wohnen\/kinderlaerm-im-garten-welche-rechte-haben-nachbarn\/\">Ruhest\u00f6rung der Nachbarn<\/a>, beispielsweise durch eine motorbetriebene Heckenschere. <strong>Vielmehr geht es um Tierschutz<\/strong>: Viele Wildtiere ziehen im Fr\u00fchjahr und Sommer ihre Jungen auf, V\u00f6gel bauen Nester und br\u00fcten. Das tun sie bevorzugt an gesch\u00fctzten Pl\u00e4tzen wie in oder unter Hecken.<\/p>\n\n\n\n<p>Gem\u00e4\u00df \u00a7 44 BNatschG ist es <strong>verboten, wild lebende Tiere der besonders gesch\u00fctzten Arten zu verletzen<\/strong>, zu t\u00f6ten, ihre Nester zu besch\u00e4digen oder die <a href=\"https:\/\/www.advocard.de\/streitlotse\/internet-und-konsum\/leinenzwang-die-regeln-in-der-brut-und-setzzeit\/\">Aufzucht der Jungtiere<\/a> zu st\u00f6ren. Genau das w\u00e4re der Fall, wenn eine Hecke kurzgeschnitten oder entfernt w\u00fcrde, in der sich beispielsweise ein Amselnest mit Jungtieren befindet.<\/p>\n\n\n\n<h2 class=\"wp-block-heading\">Darf ich meine Hecke im Sommer also gar nicht schneiden?<\/h2>\n\n\n\n<p>Eine Ausnahme l\u00e4sst das Gesetz f\u00fcr \u201eschonende Form- und Pflegeschnitte\u201c gelten. Einzelne Zweige in Fasson zu bringen oder einen besonders st\u00f6renden Ast abzuschneiden, ist gem\u00e4\u00df \u00a7 39 Absatz 5 Satz 2 BNatschG jederzeit erlaubt. Allerdings solltest du auch dabei immer vorsichtig sein und vorher <strong>pr\u00fcfen, ob sich eventuell Vogelnester oder andere Tiere in der Hecke befinden<\/strong>.<\/p>\n\n\n\n<p>Auch ist es legal, die <strong>Hecke zu schneiden, wenn sie die Verkehrssicherheit bedroht<\/strong>. M\u00f6glich ist das etwa bei gesch\u00e4digten Exemplaren, die umkippen und dabei Passanten verletzen k\u00f6nnten. Den Schnitt solltest du allerdings sicherheitshalber von der zust\u00e4ndigen Naturschutzbeh\u00f6rde pr\u00fcfen und dir gegebenenfalls genehmigen lassen.<\/p>\n\n\n\n<figure class=\"wp-block-image size-large\"><img loading=\"lazy\" decoding=\"async\" width=\"1024\" height=\"472\" src=\"https:\/\/www.advocard.de\/streitlotse\/wp-content\/uploads\/2019\/05\/Streitlotse-Hecke-schneiden-AscentXmedia-1024x472.jpeg\" alt=\"Ein Paar trifft sich an einer Hecke und unterh\u00e4lt sich \u00fcber die Hecke hinweg.\" class=\"wp-image-24554\" srcset=\"https:\/\/www.advocard.de\/streitlotse\/wp-content\/uploads\/2019\/05\/Streitlotse-Hecke-schneiden-AscentXmedia-1024x472.jpeg 1024w, https:\/\/www.advocard.de\/streitlotse\/wp-content\/uploads\/2019\/05\/Streitlotse-Hecke-schneiden-AscentXmedia-300x138.jpeg 300w, https:\/\/www.advocard.de\/streitlotse\/wp-content\/uploads\/2019\/05\/Streitlotse-Hecke-schneiden-AscentXmedia-768x354.jpeg 768w, https:\/\/www.advocard.de\/streitlotse\/wp-content\/uploads\/2019\/05\/Streitlotse-Hecke-schneiden-AscentXmedia.jpeg 1140w\" sizes=\"(max-width: 1024px) 100vw, 1024px\"><figcaption class=\"wp-element-caption\"> \u00a9 iStock.com\/AscentXmedia<\/figcaption><\/figure>\n\n\n\n<h2 class=\"wp-block-heading\">Urteil: Nachbar muss seine Hecke nicht vor\u00adsorg\u00adlich zur\u00fcckschneiden<\/h2>\n\n\n\n<p>Das <strong>Verbot, Hecken im Sommer deutlich zur\u00fcckzuschneiden<\/strong>, f\u00fchrt manchmal zu nachbarschaftlichem Zwist. 2017 besch\u00e4ftigte sich das Landgericht Freiburg mit so einem Fall (AZ 3 S 171\/16).<\/p>\n\n\n\n<ul>\n<li>Ein Mann hatte seinen Nachbarn verklagt, weil dessen Hecke ihm im Sommer den Garten <a href=\"https:\/\/www.advocard.de\/streitlotse\/mieten-und-wohnen\/verschattung-durch-nachbarbaum-kann-er-gefaellt-werden\/\">ver\u00adschat\u00adtet<\/a> hatte.<\/li>\n\n\n\n<li>Der Kl\u00e4ger berief sich auf das Baden-W\u00fcrt\u00adtem\u00adber\u00adgi\u00adsche Nach\u00adbar\u00adrechts\u00adge\u00adsetz, wonach Hecken nicht h\u00f6her als 1,80 Meter wachsen d\u00fcrften.<\/li>\n\n\n\n<li>Da Hecken im Sommer ja nicht geschnit\u00adten werden d\u00fcrfen, wollte er den Nachbarn dazu ver\u00adpflich\u00adten, die Hecke bereits w\u00e4hrend der Win\u00adter\u00admo\u00adna\u00adte ent\u00adspre\u00adchend weit zur\u00fcckzuschneiden.<\/li>\n<\/ul>\n\n\n\n<p>Das Gericht wies die Klage ab und entschied: <strong>Ein Gartenbesitzer kann nicht dazu verpflichtet werden<\/strong>, seine Hecke im Winter so weit zur\u00fcckzuschneiden, dass sie im Sommer eine bestimmte H\u00f6he nicht \u00fcberschreitet. Das sei praxisfern, denn das tats\u00e4chliche Wachstum einer Hecke w\u00e4hrend eines Sommers k\u00f6nne schlie\u00dflich niemand vorhersehen.<\/p>\n\n\n\n<p><a href=\"https:\/\/www.advocard.de\/rechtsschutzversicherung\/\">Einen Rat<\/a> k\u00f6nnen Hobbyg\u00e4rtner aus diesem Urteil aber trotzdem ziehen: Wer seine Hecke ohnehin schneiden will oder wei\u00df, dass der Nachbar auf zu starken Pflanzenwuchs empfindlich reagiert, sollte die Schere vor Fr\u00fchjahrsbeginn etwas gro\u00dfz\u00fcgiger ansetzen. Dann haben sowohl Nachbarn als auch Tiere im Sommer ihre Ruhe.<\/p>\n\n\n<div class=\"fazitbox\">\n<div class=\"fazitbox-titel\">FAZIT<\/div>\n<ul>\n<li>Vom 1. M\u00e4rz bis zum 30. September ist es generell verboten, Hecken abzuschneiden.<\/li>\n<li>Form\u00adschnit\u00adte oder R\u00fcck\u00adschnit\u00adte von Trieben sind in diesem Zeitraum erlaubt.<\/li>\n<li>Verst\u00f6\u00dfe k\u00f6nnen mit einem hohen Bu\u00dfgeld geahndet werden, das je nach Bun\u00addes\u00adland unter\u00adschied\u00adlich ausfallen sein&nbsp;kann.<\/li>\n<\/ul>\n<\/div>","protected":false},"excerpt":{"rendered":"<p>Die eigene Hecke schneiden ist nur in einem bestimmten Zeitraum des Jahres erlaubt. Die Regeln dazu stehen im Bundesnaturschutzgesetz. Aber warum darfst du deine private Hecke nicht schneiden, wann du willst? Und was droht, wenn du gegen das Verbot verst\u00f6\u00dft? Das erf\u00e4hrst du hier. Nachbarschaftsstreit am Gartenzaun? Wir sch\u00fctzen deine Rechte. &gt;&gt; Wann darf man [\u2026]<\/p>\n","protected":false},"author":1,"featured_media":0,"comment_status":"closed","ping_status":"closed","sticky":false,"template":"","format":"standard","meta":{"_acf_changed":false,"wp_typography_post_enhancements_disabled":false,"footnotes":""},"categories":[9,2],"tags":[],"acf":[],"_links":{"self":[{"href":"https:\/\/www.advocard.de\/streitlotse\/wp-json\/wp\/v2\/posts\/19000"}],"collection":[{"href":"https:\/\/www.advocard.de\/streitlotse\/wp-json\/wp\/v2\/posts"}],"about":[{"href":"https:\/\/www.advocard.de\/streitlotse\/wp-json\/wp\/v2\/types\/post"}],"author":[{"embeddable":true,"href":"https:\/\/www.advocard.de\/streitlotse\/wp-json\/wp\/v2\/users\/1"}],"replies":[{"embeddable":true,"href":"https:\/\/www.advocard.de\/streitlotse\/wp-json\/wp\/v2\/comments?post=19000"}],"version-history":[{"count":5,"href":"https:\/\/www.advocard.de\/streitlotse\/wp-json\/wp\/v2\/posts\/19000\/revisions"}],"predecessor-version":[{"id":24557,"href":"https:\/\/www.advocard.de\/streitlotse\/wp-json\/wp\/v2\/posts\/19000\/revisions\/24557"}],"wp:attachment":[{"href":"https:\/\/www.advocard.de\/streitlotse\/wp-json\/wp\/v2\/media?parent=19000"}],"wp:term":[{"taxonomy":"category","embeddable":true,"href":"https:\/\/www.advocard.de\/streitlotse\/wp-json\/wp\/v2\/categories?post=19000"},{"taxonomy":"post_tag","embeddable":true,"href":"https:\/\/www.advocard.de\/streitlotse\/wp-json\/wp\/v2\/tags?post=19000"}],"curies":[{"name":"wp","href":"https:\/\/api.w.org\/{rel}","templated":true}]}}