{"id":18767,"date":"2019-03-27T13:04:01","date_gmt":"2019-03-27T12:04:01","guid":{"rendered":"https:\/\/www.advocard.de\/streitlotse\/internet-und-konsum\/eu-beschluss-mehrheit-fuer-artikel-13-und-uploadfilter\/"},"modified":"2019-03-27T14:54:29","modified_gmt":"2019-03-27T13:54:29","slug":"eu-beschluss-mehrheit-fuer-artikel-13-und-uploadfilter","status":"publish","type":"post","link":"https:\/\/www.advocard.de\/streitlotse\/internet-und-konsum\/eu-beschluss-mehrheit-fuer-artikel-13-und-uploadfilter\/","title":{"rendered":"EU-Beschluss: Mehrheit f\u00fcr Artikel 13 und Uploadfilter"},"content":{"rendered":"<p>Das EU-Parlament hat sich f\u00fcr eine Reform des digitalen Urheberrechts ausgesprochen \u2013 inklusive der Uploadfilter aus Artikel 13. Das erkl\u00e4rte Ziel der Reform ist ein besseres Leistungsschutzrecht f\u00fcr Kreative und Journalisten. Kritiker hingegen sehen in den angedachten Neuerungen die Gefahr von Zensur und einer Beschneidung der Meinungsfreiheit. In den letzten Wochen gab es daher viele Demonstrationen und Petitionen unter dem Aufruf #SaveYourInternet (\"Rettet euer Internet\"). Verhindern konnten sie den Beschluss auf EU-Ebene nicht.<\/p>\n<p><a title=\"Warum ist eine Rechtsschutzversicherung sinnvoll?\" href=\"https:\/\/www.advocard.de\/rechtsschutzversicherung\/\" target=\"_blank\" rel=\"noopener\">In allen Lebenslagen auf der sicheren Seite \u2013 mit den Rechtsschutzexperten von ADVOCARD. &gt;&gt;<\/a><\/p>\n<h2>Richt\u00adli\u00adnie auf EU-Ebene beschlossen<\/h2>\n<p>Die Abstimmung \u00fcber die Reform des Urheberrechts im Internet&nbsp;fand die<strong> mehrheitliche Zustimmung<\/strong> des EU-Parlaments:&nbsp;&nbsp;348 Ja-Stimmen, 274 Nein-Stimmen, 36 Enthaltungen.<\/p>\n<p>Es handelt sich dabei um einen EU-Beschluss, das hei\u00dft,<strong> konkrete Inhalte stehen noch nicht fest.<\/strong> Mit welchen Ma\u00dfnahmen&nbsp;die EU-Richtlinen auf nationaler Ebene umgesetzt werden, m\u00fcssen die Mitgliedsstaaten innerhalb ihrer eigenen Instanzen ausarbeiten. Daf\u00fcr bleiben ihnen zwei Jahre Zeit. Bevor das allerdings passiert, m\u00fcssen die Staaten den<strong> Beschluss in den kommenden Wochen zun\u00e4chst billigen<\/strong>.<\/p>\n<h2>Besonders umstrit\u00adten: Upload\u00adfil\u00adter aus Artikel 13<a href=\"https:\/\/www.advocard.de\/info\/privat\/\"><img loading=\"lazy\" decoding=\"async\" class=\"alignright wp-image-18457 size-full\" title=\"Privatrechtsschutz von ADVOCARD\" src=\"https:\/\/www.advocard.de\/streitlotse\/wp-content\/uploads\/2019\/02\/Vererben_Vorsorgen_A-300x190.png\" alt=\"Mehr Informationen zum Thema Rechtsschutz\" width=\"300\" height=\"190\"><\/a><\/h2>\n<p>Der Protest der vergangenen Wochen richtete sich vor allem gegen Artikel 13 \u2013 der nach der Reform Artikel 17 sein wird; die Gr\u00fcnde daf\u00fcr sind b\u00fcrokratischer Natur, inhaltlich \u00e4ndert sich nichts.<\/p>\n<p>Artikel 13 will die <strong>Betreiber gro\u00dfer Online-Sharing-Dienste<\/strong>, wie etwa YouTube, Facebook und Instagram, <strong>st\u00e4rker in die Pflicht nehmen<\/strong>: Bisher waren f\u00fcr Urheberrechtsverletzungen vor allem die <a title=\"Abmahnung wegen Filesharing: Wann Unterlassungserkl\u00e4rung schreiben?\" href=\"https:\/\/www.advocard.de\/streitlotse\/internet-und-konsum\/abmahnung-wegen-filesharing-wann-unterlassungserklaerung-schreiben\/\" target=\"_blank\" rel=\"noopener\">hochladenden Personen verantwortlich<\/a>. Nach der Reform sollen aber die Plattformen f\u00fcr Inhalte haften, die gegen geltendes Urheberrecht versto\u00dfen. Die Betreiber m\u00fcssen sich also darum bem\u00fchen, dass entsprechendes Material erst gar nicht auf ihre Seiten gelangt.<\/p>\n<p><strong>Artikel 13 schreibt Uploadfilter nicht explizit vor.<\/strong> Praktisch&nbsp;gibt allerdings kaum eine andere M\u00f6glichkeit: Da die riesigen Datenmengen nicht von echten Menschen gepr\u00fcft werden k\u00f6nnen, m\u00fcssen Programme das \u00fcbernehmen. Kritiker f\u00fchren an, dass die Maschinen nicht zwischen rechtswidriger und legaler Nutzung fremder Inhalte \u2013 zum Beispiel f\u00fcr Satiren und Rezensionen \u2013 unterscheiden k\u00f6nnen und so <strong>auch legitime Inhalte geblockt<\/strong> werden k\u00f6nnten.<\/p>\n<h2>Ausnahmen f\u00fcr Bildung, Kultur und Start-ups<\/h2>\n<p>Wissensvermittlung und Kultur sollen nicht eingeschr\u00e4nkt werden. Auch kleine Online-Firmen sollen keinen Nachteil erleiden: Die Richtlinie will <strong>Ausnahmen<\/strong> und weniger strikte Auflagen f\u00fcr beispielsweise Start-ups, Online-Enzyklop\u00e4dien und Material aus Lehre und Forschung.<\/p>\n<p>F\u00fcr alle, die aus einer kommerziellen Motivation heraus <a title=\"Foodporn: Urheberrecht beachten beim Posten von Essen-Fotos\" href=\"https:\/\/www.advocard.de\/streitlotse\/internet-und-konsum\/foodporn-urheberrecht-beachten-beim-posten-von-essen-fotos\/\" target=\"_blank\" rel=\"noopener\">Inhalte erschaffen<\/a> \u2013 zum Beispiel Musiker, Videok\u00fcnstler und Autoren \u2013 soll es in Zukunft leichter werden, f\u00fcr die Online-Nutzung ihrer Werke entsprechende <strong>Tantiemen<\/strong> zu bekommen. Auch in dieser Personengruppe wird die Reform kontrovers diskutiert.<\/p>\n","protected":false},"excerpt":{"rendered":"<p>Das EU-Parlament hat sich f\u00fcr eine Reform des digitalen Urheberrechts ausgesprochen \u2013 inklusive der Uploadfilter aus Artikel 13. Das erkl\u00e4rte Ziel der Reform ist ein besseres Leistungsschutzrecht f\u00fcr Kreative und Journalisten. Kritiker hingegen sehen in den angedachten Neuerungen die Gefahr von Zensur und einer Beschneidung der Meinungsfreiheit. In den letzten Wochen gab es daher viele [\u2026]<\/p>\n","protected":false},"author":1,"featured_media":0,"comment_status":"closed","ping_status":"closed","sticky":false,"template":"","format":"standard","meta":{"_acf_changed":false,"wp_typography_post_enhancements_disabled":false,"footnotes":""},"categories":[7,76],"tags":[],"acf":[],"_links":{"self":[{"href":"https:\/\/www.advocard.de\/streitlotse\/wp-json\/wp\/v2\/posts\/18767"}],"collection":[{"href":"https:\/\/www.advocard.de\/streitlotse\/wp-json\/wp\/v2\/posts"}],"about":[{"href":"https:\/\/www.advocard.de\/streitlotse\/wp-json\/wp\/v2\/types\/post"}],"author":[{"embeddable":true,"href":"https:\/\/www.advocard.de\/streitlotse\/wp-json\/wp\/v2\/users\/1"}],"replies":[{"embeddable":true,"href":"https:\/\/www.advocard.de\/streitlotse\/wp-json\/wp\/v2\/comments?post=18767"}],"version-history":[{"count":1,"href":"https:\/\/www.advocard.de\/streitlotse\/wp-json\/wp\/v2\/posts\/18767\/revisions"}],"predecessor-version":[{"id":18773,"href":"https:\/\/www.advocard.de\/streitlotse\/wp-json\/wp\/v2\/posts\/18767\/revisions\/18773"}],"wp:attachment":[{"href":"https:\/\/www.advocard.de\/streitlotse\/wp-json\/wp\/v2\/media?parent=18767"}],"wp:term":[{"taxonomy":"category","embeddable":true,"href":"https:\/\/www.advocard.de\/streitlotse\/wp-json\/wp\/v2\/categories?post=18767"},{"taxonomy":"post_tag","embeddable":true,"href":"https:\/\/www.advocard.de\/streitlotse\/wp-json\/wp\/v2\/tags?post=18767"}],"curies":[{"name":"wp","href":"https:\/\/api.w.org\/{rel}","templated":true}]}}