{"id":16740,"date":"2025-02-12T14:55:28","date_gmt":"2025-02-12T13:55:28","guid":{"rendered":"https:\/\/www.advocard.de\/streitlotse\/verkehr-und-mobilitaet\/fuererschein\/lkw-fuehrerschein-verlaengern-was-zu-beachten-ist\/"},"modified":"2025-02-12T14:55:29","modified_gmt":"2025-02-12T13:55:29","slug":"lkw-fuehrerschein-verlaengern-was-zu-beachten-ist","status":"publish","type":"post","link":"https:\/\/www.advocard.de\/streitlotse\/verkehr-und-mobilitaet\/lkw-fuehrerschein-verlaengern-was-zu-beachten-ist\/","title":{"rendered":"Lkw-F\u00fch\u00adrer\u00adschein ver\u00adl\u00e4n\u00adgern: Wichtiges zu Fristen und Unterlagen"},"content":{"rendered":"\n<p>Ein Lkw-F\u00fchrerschein ist nicht unbegrenzt g\u00fcltig \u2013 alle f\u00fcnf Jahre muss er verl\u00e4ngert werden. Wer zu sp\u00e4t handelt, darf nicht mehr fahren und riskiert Probleme im Beruf. Damit das nicht passiert, erf\u00e4hrst du hier, was du f\u00fcr eine reibungslose Verl\u00e4ngerung beachten musst.<\/p>\n\n\n\n<p><a href=\"https:\/\/www.advocard.de\/info\/verkehr\/\" target=\"_blank\" rel=\"noreferrer noopener\">Immer sicher unterwegs \u2013 mit der Verkehrsrechtsschutzversicherung von ADVOCARD. &gt;&gt;<\/a><\/p>\n\n\n\n<h2 class=\"wp-block-heading\">Lkw-F\u00fch\u00adrer\u00adschein ver\u00adl\u00e4n\u00adgern: Alle f\u00fcnf&nbsp;Jahre<\/h2>\n\n\n\n<p>Mit einem herk\u00f6mmlichen Pkw-<a href=\"https:\/\/www.advocard.de\/streitlotse\/verkehr-und-mobilitaet\/fuererschein\/fuehrerschein-klasse-b-was-darf-ich-fahren\/\">F\u00fchrerschein Klasse B<\/a> darfst du nicht einfach einen Lkw steuern \u2013 daf\u00fcr sind gesonderte F\u00fchrerscheine inklusive <a href=\"https:\/\/www.advocard.de\/streitlotse\/verkehr-und-mobilitaet\/fuererschein\/pflichtstunden-beim-fuehrerschein-wie-viele-braucht-man\/\">Pflichtstunden<\/a> erforderlich. In \u00a7 23 Fahrerlaubnisverordnung (FeV) ist festgelegt, dass die Inhaber der F\u00fchrerscheinklassen C1, C1E, C, CE, D1, D1E, D und DE ihre <strong>Fahrerlaubnis alle f\u00fcnf Jahre verl\u00e4ngern<\/strong> lassen m\u00fcssen.<\/p>\n\n\n\n<p>Dabei sind Lkw-F\u00fchrerscheine der Klassen C1 und C1E f\u00fcr Fahrzeuge mit einer Gesamtmasse von 3.500 bis 7.500 Kilogramm nur eingeschr\u00e4nkt verl\u00e4ngerungspflichtig: Diese F\u00fchrerscheine sind grunds\u00e4tzlich <strong>bis zum 50. Lebensjahr des Inhabers<\/strong> g\u00fcltig.<\/p>\n\n\n\n<p>Danach m\u00fcssen sie wie die Fahrerlaubnisse f\u00fcr die anderen Lkw-Klassen C und CE und die Busf\u00fchrerscheine D1, D1E, D und DE alle f\u00fcnf Jahre verl\u00e4ngert werden, sonst verlieren sie ihre G\u00fcltigkeit.<\/p>\n\n\n\n<p>Gut zu wissen: Die Bearbeitung dauert meist einige Wochen, deshalb solltest du den <strong>Verl\u00e4ngerungsantrag fr\u00fchzeitig stellen<\/strong> \u2013 idealerweise mindestens drei Monate vor Ablauf deines Lkw-F\u00fchrerscheins. Das gibt dir genug Zeit f\u00fcr die notwendigen Untersuchungen und die Bearbeitung durch die Beh\u00f6rde.<\/p>\n\n\n\n<p>\u00dcbrigens: Auch andere F\u00fchrerscheine laufen ab \u2013 allerdings mit gro\u00dfz\u00fcgigeren Fristen. Mehr dazu erkl\u00e4rt dir <a href=\"https:\/\/www.advocard.de\/streitlotse\/verkehr-und-mobilitaet\/eu-fuehrerschein-wann-den-fuehrerschein-umschreiben-lassen\/\">dieser Beitrag<\/a>.<\/p>\n\n\n\n<div class=\"fazitbox\">\n<div class=\"fazitbox-titel\">Info<\/div>\n<h2>Not\u00adwen\u00addi\u00adge Dokumente f\u00fcr die Lkw-F\u00fchrerscheinverl\u00e4ngerung<\/h2>\n<p>\nF\u00fcr die Verl\u00e4ngerung des Lkw-F\u00fchrerscheins brauchst du folgende Unterlagen:\n<\/p>\n<p>\n<\/p><ul>\n<li>G\u00fcltiger <a href=\"https:\/\/www.advocard.de\/streitlotse\/internet-und-konsum\/personalausweis-abgelaufen-ab-wann-droht-ein-bussgeld\/\">Per\u00adso\u00adnal\u00adaus\u00adweis<\/a> oder Reisepass<\/li>\n<li>Bis\u00adhe\u00adri\u00adger F\u00fchrerschein<\/li>\n<li>Aktuelles bio\u00adme\u00adtri\u00adsches Passfoto<\/li>\n<li>\u00c4rztliche Beschei\u00adni\u00adgung \u00fcber die gesund\u00adheit\u00adli\u00adche Eignung<\/li>\n<li>Seh\u00adtest\u00adbe\u00adschei\u00adni\u00adgung von einem Augenarzt oder Optiker<\/li>\n<li>Bei gewerb\u00adli\u00adchen Fahrern: Nachweis \u00fcber die absol\u00advier\u00adte Berufskraftfahrer-Weiterbildung<\/li>\n<\/ul>\n\n<\/div>\n\n\n\n<h2 class=\"wp-block-heading\">Lkw-F\u00fch\u00adrer\u00adschein: Medi\u00adzi\u00adni\u00adsche Unter\u00adsu\u00adchung und Sehtest<\/h2>\n\n\n\n<p>Mit <strong>regelm\u00e4\u00dfigen Gesundheitspr\u00fcfungen<\/strong> soll sichergestellt werden, dass Lkw-Fahrer weiterhin k\u00f6rperlich und geistig dazu in der Lage sind, ein schweres Fahrzeug sicher zu f\u00fchren.<\/p>\n\n\n\n<p>Die \u00e4rztliche Untersuchung umfasst eine <strong>allgemeine Gesundheitspr\u00fcfung<\/strong>, in der beispielsweise der Blutdruck, das Reaktionsverm\u00f6gen sowie die k\u00f6rperliche Belastbarkeit getestet werden. Die Bescheinigung hierr\u00fcber kann der <a href=\"https:\/\/www.advocard.de\/streitlotse\/internet-und-konsum\/arzttermin-absagen-wichtiges-zu-fristen-und-ausfallhonorar\/\">Hausarzt<\/a>, ein Betriebsarzt oder eine Institution wie der <a href=\"https:\/\/www.advocard.de\/streitlotse\/verkehr-und-mobilitaet\/tuev-abgelaufen-diese-strafen-drohen\/\">T\u00dcV<\/a> ausstellen.<\/p>\n\n\n\n<p>Zus\u00e4tzlich ist ein <strong>Sehtest<\/strong> erforderlich, um die Sehsch\u00e4rfe sowie das Gesichtsfeld zu pr\u00fcfen. Auch eine Untersuchung der Farbwahrnehmung kann verlangt werden. Der Test kann vom Augenarzt aber auch von sogenannten Begutachtungsstellen f\u00fcr Fahreignung durchgef\u00fchrt werden. Dazu z\u00e4hlen:<\/p>\n\n\n\n<ul>\n<li>das Gesund\u00adheits\u00adamt<\/li>\n\n\n\n<li>\u00c4rzte mit den Zusatz\u00adbe\u00adzeich\u00adnun\u00adgen \u201eArbeits\u00adme\u00addi\u00adzin\u201c oder \u201eBetriebs\u00adme\u00addi\u00adzin\u201c<\/li>\n\n\n\n<li>andere \u00c4rzte der \u00f6ffent\u00adli\u00adchen Verwaltung<\/li>\n<\/ul>\n\n\n\n<p>Die ausgestellten Bescheinigungen m\u00fcssen beim Verl\u00e4ngerungsantrag eingereicht werden.<\/p>\n\n\n\n<figure class=\"wp-block-image size-large\"><img loading=\"lazy\" decoding=\"async\" width=\"1024\" height=\"472\" src=\"https:\/\/www.advocard.de\/streitlotse\/wp-content\/uploads\/2018\/07\/Streitlotse-Lkw-Fuehrerschein-verlaengern-bluecinema-1024x472.jpg\" alt=\"Eine junge Frau sitzt auf dem Fahrersitz eines Lkw und h\u00e4lt einen Stift und Mappen in der Hand\" class=\"wp-image-25729\" srcset=\"https:\/\/www.advocard.de\/streitlotse\/wp-content\/uploads\/2018\/07\/Streitlotse-Lkw-Fuehrerschein-verlaengern-bluecinema-1024x472.jpg 1024w, https:\/\/www.advocard.de\/streitlotse\/wp-content\/uploads\/2018\/07\/Streitlotse-Lkw-Fuehrerschein-verlaengern-bluecinema-300x138.jpg 300w, https:\/\/www.advocard.de\/streitlotse\/wp-content\/uploads\/2018\/07\/Streitlotse-Lkw-Fuehrerschein-verlaengern-bluecinema-768x354.jpg 768w, https:\/\/www.advocard.de\/streitlotse\/wp-content\/uploads\/2018\/07\/Streitlotse-Lkw-Fuehrerschein-verlaengern-bluecinema.jpg 1140w\" sizes=\"(max-width: 1024px) 100vw, 1024px\"><figcaption class=\"wp-element-caption\">\u00a9 iStock.com\/bluecinema<\/figcaption><\/figure>\n\n\n\n<h2 class=\"wp-block-heading\">Wei\u00adter\u00adbil\u00addungs\u00adpflicht: Zus\u00e4tz\u00adli\u00adche Qua\u00adli\u00adfi\u00adka\u00adtio\u00adnen f\u00fcr Berufskraftfahrer<\/h2>\n\n\n\n<p>Wenn du deinen Lkw-F\u00fchrerschein gewerblich nutzt, reicht die Verl\u00e4ngerung allein nicht aus \u2013 du musst <strong>zus\u00e4tzlich eine<\/strong> <strong>Berufskraftfahrer-Weiterbildung absolvieren<\/strong>. Diese ist durch das Berufskraftfahrer-Qualifikations-Gesetz (BKrFQG) vorgeschrieben und wird durch die Schl\u00fcsselzahl 95 im F\u00fchrerschein nachgewiesen. Ohne diesen Nachweis darfst du keine gewerblichen Transporte durchf\u00fchren.<\/p>\n\n\n\n<p>Die Kosten f\u00fcr die Weiterbildung variieren je nach Anbieter, liegen aber <strong>meist zwischen 300 und 600 Euro<\/strong>.<\/p>\n\n\n\n<h2 class=\"wp-block-heading\">Lkw-F\u00fch\u00adrer\u00adschein ver\u00adl\u00e4n\u00adgern: Wo beantragen?<\/h2>\n\n\n\n<p>Den Antrag auf Verl\u00e4ngerung stellst du <strong>bei der Fahrerlaubnisbeh\u00f6rde deines Wohnorts<\/strong>. In manchen Regionen ist auch eine Online-Beantragung m\u00f6glich. Die Kosten f\u00fcr die Verl\u00e4ngerung des Lkw-F\u00fchrerscheins setzen sich aus verschiedenen Posten zusammen:<\/p>\n\n\n\n<ul>\n<li><strong>Ver\u00adwal\u00adtungs\u00adge\u00adb\u00fchr der Beh\u00f6rde:<\/strong> ca. 45&nbsp;Euro<\/li>\n\n\n\n<li><strong>\u00c4rztliche Unter\u00adsu\u00adchung:<\/strong> ca. 50 - 100&nbsp;Euro<\/li>\n\n\n\n<li><strong>Sehtest:<\/strong> ca. 25 - 50&nbsp;Euro<\/li>\n<\/ul>\n\n\n\n<p>Dazu kommen die Kosten f\u00fcr die Berufskraftfahrer-Weiterbildung, falls erforderlich.<\/p>\n\n\n\n<h2 class=\"wp-block-heading\">Lkw-F\u00fch\u00adrer\u00adschein abge\u00adlau\u00adfen: Kon\u00adse\u00adquen\u00adzen und Bu\u00dfgelder<\/h2>\n\n\n<div class=\"wp-block-image\">\n<figure class=\"alignright size-full\"><a href=\"https:\/\/www.advocard.de\/info\/verkehr\/\" target=\"_blank\" rel=\"noreferrer noopener\"><img loading=\"lazy\" decoding=\"async\" width=\"300\" height=\"190\" src=\"https:\/\/www.advocard.de\/streitlotse\/wp-content\/uploads\/2020\/10\/201019_Advocard_Teaser_Verkehr.jpg\" alt=\"Alle Informationen zur Verkehrsrechtsschutzversicherung von ADVOCARD\" class=\"wp-image-21295\"><\/a><\/figure><\/div>\n\n\n<p>Wer seinen Lkw-F\u00fchrerschein nicht regelm\u00e4\u00dfig nutzt, kann schon einmal vergessen, ihn rechtzeitig zu verl\u00e4ngern. Das ist nicht unbedingt ein Problem, denn eine <strong>nachtr\u00e4gliche Verl\u00e4ngerung ist grunds\u00e4tzlich m\u00f6glich<\/strong>.<\/p>\n\n\n\n<p>Aber Achtung: Jede F\u00fchrerscheinstelle pr\u00fcft Verl\u00e4ngerungsantr\u00e4ge individuell. Ist jemand lange Zeit nicht in der entsprechenden F\u00fchrerscheinklasse gefahren, kann die Beh\u00f6rde <strong>gegebenenfalls sogar eine erneute Fahrpr\u00fcfung<\/strong> verlangen. Eine Verl\u00e4ngerung der Fahrerlaubnis erfolgt dann erst, wenn eine positive Teilnahmebest\u00e4tigung an einer praktischen und m\u00f6glicherweise auch theoretischen Pr\u00fcfung vorgelegt wird.<\/p>\n\n\n\n<p>\u00dcbrigens: Wer mit abgelaufenem F\u00fchrerschein einen Lkw f\u00fchrt, <strong>begeht eine Straftat<\/strong>. Diese wird nicht mit einem Bu\u00dfgeld bestraft, sondern mit einer Geldstrafe oder sogar einer Freiheitsstrafe von bis zu einem Jahr.<\/p>\n\n\n\n<div class=\"multicolumn-container\">\n<div class=\"multicolumn-col\">\n<h2>FAQ<\/h2>\n<p>\n<\/p><ul>\n<li><b>Wie lange nach Ablauf kann ich den Lkw-F\u00fch\u00adrer\u00adschein verl\u00e4ngern?<\/b><\/li>\n<\/ul>\n\n<p>\nDer Lkw-F\u00fchrerschein kann auch Jahre nach Ablauf verl\u00e4ngert werden, solange du in dieser Zeit nicht mit dem abgelaufenen F\u00fchrerschein f\u00e4hrst.\n<\/p>\n<p>\n<\/p><ul>\n<li><b>Lkw-F\u00fch\u00adrer\u00adschein ver\u00adl\u00e4n\u00adgern: Was brauche ich?<\/b><\/li>\n<\/ul>\n\n<p>\nUm deinen Lkw-F\u00fchrerschein zu verl\u00e4ngern, brauchst du deinen bisherigen F\u00fchrerschein, deinen Personalausweis oder Reisepass, ein aktuelles biometrisches Passfoto, Bescheinigungen \u00fcber die bestandene \u00e4rztliche und augen\u00e4rztliche Untersuchung sowie unter Umst\u00e4nden ein Nachweis \u00fcber die absolvierte Berufskraftfahrer-Weiterbildung.\n<\/p>\n<p>\n<\/p><ul>\n<li><b>Wo kann ich meinen Lkw-F\u00fch\u00adrer\u00adschein verl\u00e4ngern?<\/b><\/li>\n<\/ul>\n<p>\nDie Verl\u00e4ngerung erfolgt bei deiner zust\u00e4ndigen Fahrerlaubnisbeh\u00f6rde, entweder vor Ort oder bei manchen Beh\u00f6rden bereits online.\n<\/p>\n<\/div>\n<\/div>\n\n\n\n<div class=\"fazitbox service\">\n<div class=\"fazitbox-titel\">SERVICE<\/div>\n<p><strong>Ein leistungsstarker Kfz-Schutz bringt dich sicher ans Ziel<\/strong><\/p>\n<p>Bei einem Autounfall z\u00e4hlt vor allem eines: eine gute Kfz-Versicherung, auf die du dich verlassen kannst. Die sich schnell, einfach und fair um deinen Schaden k\u00fcmmert. Die Generali bietet umfangreichen und servicestarken Kfz-Schutz f\u00fcr alle. Mehr dazu <a style=\"color: #b22f24;\" title href=\"https:\/\/www.generali.de\/privatkunden\/fahrzeug-zuhause\/kfz-versicherung\" target=\"_blank\" rel=\"noopener\">hier<\/a>.<\/p>\n<\/div>\n","protected":false},"excerpt":{"rendered":"<p>Ein Lkw-F\u00fchrerschein ist nicht unbegrenzt g\u00fcltig \u2013 alle f\u00fcnf Jahre muss er verl\u00e4ngert werden. Wer zu sp\u00e4t handelt, darf nicht mehr fahren und riskiert Probleme im Beruf. Damit das nicht passiert, erf\u00e4hrst du hier, was du f\u00fcr eine reibungslose Verl\u00e4ngerung beachten musst. Immer sicher unterwegs \u2013 mit der Verkehrsrechtsschutzversicherung von ADVOCARD. &gt;&gt; Lkw-F\u00fch\u00adrer\u00adschein ver\u00adl\u00e4n\u00adgern: Alle [\u2026]<\/p>\n","protected":false},"author":1,"featured_media":0,"comment_status":"closed","ping_status":"closed","sticky":false,"template":"","format":"standard","meta":{"_acf_changed":false,"wp_typography_post_enhancements_disabled":false,"footnotes":""},"categories":[71,5],"tags":[623,618,620,619,621,622,310],"acf":[],"_links":{"self":[{"href":"https:\/\/www.advocard.de\/streitlotse\/wp-json\/wp\/v2\/posts\/16740"}],"collection":[{"href":"https:\/\/www.advocard.de\/streitlotse\/wp-json\/wp\/v2\/posts"}],"about":[{"href":"https:\/\/www.advocard.de\/streitlotse\/wp-json\/wp\/v2\/types\/post"}],"author":[{"embeddable":true,"href":"https:\/\/www.advocard.de\/streitlotse\/wp-json\/wp\/v2\/users\/1"}],"replies":[{"embeddable":true,"href":"https:\/\/www.advocard.de\/streitlotse\/wp-json\/wp\/v2\/comments?post=16740"}],"version-history":[{"count":8,"href":"https:\/\/www.advocard.de\/streitlotse\/wp-json\/wp\/v2\/posts\/16740\/revisions"}],"predecessor-version":[{"id":25733,"href":"https:\/\/www.advocard.de\/streitlotse\/wp-json\/wp\/v2\/posts\/16740\/revisions\/25733"}],"wp:attachment":[{"href":"https:\/\/www.advocard.de\/streitlotse\/wp-json\/wp\/v2\/media?parent=16740"}],"wp:term":[{"taxonomy":"category","embeddable":true,"href":"https:\/\/www.advocard.de\/streitlotse\/wp-json\/wp\/v2\/categories?post=16740"},{"taxonomy":"post_tag","embeddable":true,"href":"https:\/\/www.advocard.de\/streitlotse\/wp-json\/wp\/v2\/tags?post=16740"}],"curies":[{"name":"wp","href":"https:\/\/api.w.org\/{rel}","templated":true}]}}