{"id":13690,"date":"2017-04-26T14:58:01","date_gmt":"2017-04-26T13:58:01","guid":{"rendered":"https:\/\/www.advocard.de\/streitlotse\/internet-und-konsum\/facebook-darf-whatsapp-daten-vorerst-nicht-nutzen\/"},"modified":"2017-04-26T16:53:13","modified_gmt":"2017-04-26T15:53:13","slug":"facebook-darf-whatsapp-daten-vorerst-nicht-nutzen","status":"publish","type":"post","link":"https:\/\/www.advocard.de\/streitlotse\/internet-und-konsum\/facebook-darf-whatsapp-daten-vorerst-nicht-nutzen\/","title":{"rendered":"Facebook darf WhatsApp-Daten vorerst nicht nutzen"},"content":{"rendered":"<p>Das Verwaltungsgericht (VG) Hamburg hat entschieden, dass Facebook zun\u00e4chst nicht ohne Weiteres die personenbezogenen <a title=\"Darum ADVOCARD\" href=\"https:\/\/www.advocard.de\/info\/\" target=\"_blank\" rel=\"noopener noreferrer\">Daten<\/a> deutscher WhatsApp-User nutzen darf. Gel\u00f6scht werden muss aber vorerst nichts.<\/p>\n<p><a title=\"Privat-Rechtsschutz von ADVOCARD\" href=\"https:\/\/www.advocard.de\/privatrechtsschutz\/\" target=\"_blank\" rel=\"noopener noreferrer\">Probleme mit dem Datenschutz? Hier finden Sie kompetente Hilfe. &gt;&gt;<\/a><\/p>\n<h2>WhatsApp will per\u00adso\u00adnen\u00adbe\u00adzo\u00adge\u00adne Daten an Facebook weitergeben<\/h2>\n<p>Vor rund zwei Jahren kaufte <a title=\"Recht am eigenen Bild: Fotos auf Facebook, Instagram und Co.\" href=\"https:\/\/www.advocard.de\/streitlotse\/internet-und-konsum\/recht-am-eigenen-bild-fotos-auf-facebook-instagram-und-co\/\" target=\"_blank\" rel=\"noopener noreferrer\">Facebook<\/a> den Messenger-Dienst WhatsApp f\u00fcr 19 Milliarden US-Dollar. Kurz darauf verk\u00fcndete WhatsApp, dass Telefonnummern und weitere Daten an das soziale Netzwerk weitergegeben werden sollen, sodass Facebook unter anderem pr\u00e4zisere Freundesvorschl\u00e4ge f\u00fcr seine Nutzer machen kann. Der Hamburger Datenschutzbeauftragte Johannes Caspar untersagte dies Facebook im vergangenen September, da laut Casper nach deutschem Recht weder eine Rechtsgrundlage f\u00fcr die Weitergabe der personenbezogenen <a title=\"Daten-Rechtsschutz - was ist das?\" href=\"https:\/\/www.advocard.de\/rechtsschutz-lexikon\/d\/daten-rechtsschutz\/\" target=\"_blank\" rel=\"noopener noreferrer\">Daten<\/a> best\u00fcnde, noch wirksame Einwilligungen der WhatsApp-User eingeholt wurden. Er forderte, dass Facebook die von <a title=\"Per WhatsApp unzul\u00e4ssig: K\u00fcndigung nur in Schriftform\" href=\"https:\/\/www.advocard.de\/streitlotse\/arbeit-und-karriere\/per-whatsapp-unzulaessig-kuendigung-nur-in-schriftform\/\" target=\"_blank\" rel=\"noopener noreferrer\">WhatsApp<\/a> bereits erhaltenen Daten deutscher Nutzer l\u00f6schen m\u00fcsse und fortan keine Daten mehr erheben d\u00fcrfe. Das VG Hamburg gab Casper teilweise Recht und differenzierte in seinem Beschluss (AZ 12 E 5912\/16).<\/p>\n<h2>Facebook darf Daten nicht nutzen, muss diese aber auch nicht l\u00f6schen<\/h2>\n<p>Das VG Hamburg entschied, dass das soziale Netzwerk die vom Messenger-Dienst erhaltenen Daten zwar noch nicht l\u00f6schen m\u00fcsse, diese aber auch nicht ohne Einwilligung der Nutzer verwenden d\u00fcrfe. Die L\u00f6schung der Daten und die von Casper ebenfalls geforderte Dokumentation dieser L\u00f6schung sei aufgrund eines formalen Fehlers nicht sofort vollziehbar. Facebook reichte Widerspruch gegen den Beschluss des Gerichts ein.<\/p>\n<p><a href=\"https:\/\/www.advocard.de\/privatrechtsschutz\/\"><img loading=\"lazy\" decoding=\"async\" class=\"alignleft wp-image-9267 size-full\" title=\"Privat-Rechtsschutz von ADVOCARD\" src=\"https:\/\/www.advocard.de\/streitlotse\/wp-content\/uploads\/2015\/12\/Vererben_Vorsorgen_A.png\" alt=\"Rechtsschutz\" width=\"313\" height=\"198\" srcset=\"https:\/\/www.advocard.de\/streitlotse\/wp-content\/uploads\/2015\/12\/Vererben_Vorsorgen_A.png 313w, https:\/\/www.advocard.de\/streitlotse\/wp-content\/uploads\/2015\/12\/Vererben_Vorsorgen_A-300x190.png 300w\" sizes=\"(max-width: 313px) 100vw, 313px\"><\/a>Generell ist nicht klar, ob in dem Fall deutsches Datenschutzrecht zur Anwendung kommt und ob der Datenschutzbeauftragte \u00fcberhaupt gegen Facebook vorgehen darf. Der Fall ist daher noch nicht abgeschlossen. Sollte sich herausstellen, dass deutsches <a title=\"360\u00b0-Schutz von ADVOCARD\" href=\"https:\/\/www.advocard.de\/360-grad\/\" target=\"_blank\" rel=\"noopener noreferrer\">Recht<\/a> hier greifen w\u00fcrde, k\u00f6nnten die Anordnungen Caspars wom\u00f6glich durchgesetzt werden und w\u00e4ren rechtm\u00e4\u00dfig. Dies lie\u00df das Gericht durchblicken.<\/p>\n","protected":false},"excerpt":{"rendered":"<p>Das Verwaltungsgericht (VG) Hamburg hat entschieden, dass Facebook zun\u00e4chst nicht ohne Weiteres die personenbezogenen Daten deutscher WhatsApp-User nutzen darf. Gel\u00f6scht werden muss aber vorerst nichts. Probleme mit dem Datenschutz? Hier finden Sie kompetente Hilfe. &gt;&gt; WhatsApp will per\u00adso\u00adnen\u00adbe\u00adzo\u00adge\u00adne Daten an Facebook weitergeben Vor rund zwei Jahren kaufte Facebook den Messenger-Dienst WhatsApp f\u00fcr 19 Milliarden US-Dollar. [\u2026]<\/p>\n","protected":false},"author":1,"featured_media":0,"comment_status":"closed","ping_status":"closed","sticky":false,"template":"","format":"standard","meta":{"_acf_changed":false,"wp_typography_post_enhancements_disabled":false,"footnotes":""},"categories":[29,7],"tags":[],"acf":[],"_links":{"self":[{"href":"https:\/\/www.advocard.de\/streitlotse\/wp-json\/wp\/v2\/posts\/13690"}],"collection":[{"href":"https:\/\/www.advocard.de\/streitlotse\/wp-json\/wp\/v2\/posts"}],"about":[{"href":"https:\/\/www.advocard.de\/streitlotse\/wp-json\/wp\/v2\/types\/post"}],"author":[{"embeddable":true,"href":"https:\/\/www.advocard.de\/streitlotse\/wp-json\/wp\/v2\/users\/1"}],"replies":[{"embeddable":true,"href":"https:\/\/www.advocard.de\/streitlotse\/wp-json\/wp\/v2\/comments?post=13690"}],"version-history":[{"count":2,"href":"https:\/\/www.advocard.de\/streitlotse\/wp-json\/wp\/v2\/posts\/13690\/revisions"}],"predecessor-version":[{"id":13694,"href":"https:\/\/www.advocard.de\/streitlotse\/wp-json\/wp\/v2\/posts\/13690\/revisions\/13694"}],"wp:attachment":[{"href":"https:\/\/www.advocard.de\/streitlotse\/wp-json\/wp\/v2\/media?parent=13690"}],"wp:term":[{"taxonomy":"category","embeddable":true,"href":"https:\/\/www.advocard.de\/streitlotse\/wp-json\/wp\/v2\/categories?post=13690"},{"taxonomy":"post_tag","embeddable":true,"href":"https:\/\/www.advocard.de\/streitlotse\/wp-json\/wp\/v2\/tags?post=13690"}],"curies":[{"name":"wp","href":"https:\/\/api.w.org\/{rel}","templated":true}]}}