{"id":13248,"date":"2017-02-23T11:08:01","date_gmt":"2017-02-23T10:08:01","guid":{"rendered":"https:\/\/www.advocard.de\/streitlotse\/familie-und-vorsorge\/betreutes-wohnen-fuer-senioren-die-rechtlichen-grundlagen\/"},"modified":"2017-02-23T11:45:58","modified_gmt":"2017-02-23T10:45:58","slug":"betreutes-wohnen-fuer-senioren-die-rechtlichen-grundlagen","status":"publish","type":"post","link":"https:\/\/www.advocard.de\/streitlotse\/familie-und-vorsorge\/betreutes-wohnen-fuer-senioren-die-rechtlichen-grundlagen\/","title":{"rendered":"Betreutes Wohnen f\u00fcr Senioren: Die recht\u00adli\u00adchen Grundlagen"},"content":{"rendered":"<p>Betreutes Wohnen erm\u00f6glicht Senioren ein weitgehend selbstbestimmtes Leben, auch wenn sie ihren Alltag nicht mehr komplett alleine meistern k\u00f6nnen. Doch gibt es f\u00fcr diese besondere Wohnform eigentlich spezielle <a title=\"ADVOCARD-Rechtsschutz\u00adversicherung: sinnvoll und hilfreich!\" href=\"https:\/\/www.advocard.de\/info\/\" target=\"_blank\">rechtliche Grundlagen<\/a>?<\/p>\n<p><a title=\"Rundum abgesichert mit dem 360\u00b0-Rechtsschutz\" href=\"https:\/\/www.advocard.de\/360-grad\/\" target=\"_blank\" name=\"streitlotse_\">Mit dem 360\u00b0-&nbsp;Rechts\u00adschutz sind Sie in allen Lebenslagen rundum abgesichert. &gt;&gt;<\/a><\/p>\n<h2>Mehr Teilhabe durch betreutes Wohnen<\/h2>\n<p>Betreutes Wohnen gibt Menschen mit Hilfebedarf die M\u00f6glichkeit, ihr Leben dennoch weitgehend selbstbestimmt und eigenverantwortlich zu gestalten. Dies gilt nicht nur f\u00fcr Senioren, sondern beispielsweise auch f\u00fcr Menschen mit Behinderungen oder psychischen Erkrankungen. Neben der Bereitstellung von entsprechend gestaltetem Wohnraum umfasst das betreute Wohnen Unterst\u00fctzung durch Fachkr\u00e4fte wie Psychologen, Erzieher oder Pflegekr\u00e4fte. In speziellen Wohnanlagen f\u00fcr \u00e4ltere Menschen werden den Bewohnern meist Grundleistungen im Bereich Sicherheit, allgemeine Betreuung und sogenannte niedrigschwellige <a title=\"Private Rechts\u00adschutz\u00adversicherung bei ADVOCARD\" href=\"https:\/\/www.advocard.de\/info\/privat\/\" target=\"_blank\">Unterst\u00fctzungsleistungen<\/a> angeboten. Hinzu kommt oft eine seniorenfreundliche Infrastruktur mit Arztpraxen, Einkaufsm\u00f6glichkeiten und bestimmten Dienstleistungen innerhalb der Wohnanlage, die den Bewohnern das selbstst\u00e4ndige Leben im Alter erleichtern.<\/p>\n<p>Senioren, die mehr Hilfe bei der Bew\u00e4ltigung ihres Alltags ben\u00f6tigen, k\u00f6nnen zus\u00e4tzliche Unterst\u00fctzung durch einen <a title=\"Ambulanter Pflege\u00addienst: Leistungen und Voraus\u00adset\u00adzungen\" href=\"https:\/\/www.advocard.de\/streitlotse\/familie-und-vorsorge\/ambulanter-pflegedienst-leistungen-und-voraussetzungen\/\" target=\"_blank\">ambulanten Pflegedienst<\/a> erhalten. Diese Leistung ist losgel\u00f6st vom betreuten Wohnen zu betrachten. Daher existieren in der Regel auch zwei separate Vertr\u00e4ge: Ein Mietvertrag f\u00fcr den Wohnraum und ein sogenannter Betreuungs- oder Servicevertrag f\u00fcr weitere Unterst\u00fctzungsleistungen.<\/p>\n<h2>Recht\u00adli\u00adche Grund\u00adla\u00adgen f\u00fcr Heim\u00adun\u00adter\u00adbrin\u00adgung und betreutes Wohnen<\/h2>\n<p>Rein <a title=\"Privat-Rechtsschutz von ADVOCARD\" href=\"https:\/\/www.advocard.de\/privatrechtsschutz\/\" target=\"_blank\">rechtlich gesehen<\/a> ist betreutes Wohnen f\u00fcr Senioren mit einem eigenen Haushalt gleichzusetzen \u2013 mit einigen vertraglich vereinbarten Zusatzleistungen. Daher griff hier auch nicht das Heimgesetz (HeimG), das bis vor einigen Jahren noch&nbsp;die rechtliche Grundlage f\u00fcr die Heimunterbringung darstellte.<\/p>\n<p><a href=\"https:\/\/www.advocard.de\/info\/miete\/\" target=\"_blank\"><img loading=\"lazy\" decoding=\"async\" class=\"alignleft wp-image-9265 size-full\" title=\"Aus diesem Grund ist ein Mietrechtsschutz so sinnvoll!\" src=\"https:\/\/www.advocard.de\/streitlotse\/wp-content\/uploads\/2015\/12\/Mieten_Wohnen_A.png\" alt=\"Advocard-Wohnungsrechtsschutz\" width=\"313\" height=\"198\" srcset=\"https:\/\/www.advocard.de\/streitlotse\/wp-content\/uploads\/2015\/12\/Mieten_Wohnen_A.png 313w, https:\/\/www.advocard.de\/streitlotse\/wp-content\/uploads\/2015\/12\/Mieten_Wohnen_A-300x190.png 300w\" sizes=\"(max-width: 313px) 100vw, 313px\"><\/a>Das deutsche Heimgesetz (HeimG) regelte die Unterbringung in von Menschen, die aufgrund ihres Alters, einer Behinderung oder von <a title=\"Pflegegrade ab 2017: Das sollten Betroffene wissen\" href=\"https:\/\/www.advocard.de\/streitlotse\/familie-und-vorsorge\/pflegegrade-ab-2017-das-sollten-betroffene-wissen\/\" target=\"_blank\">Pflegebed\u00fcrftigkeit&nbsp;<\/a>auf Heimpflege angewiesen sind. Im Zuge der F\u00f6deralismusreform wurde 2006 die Zust\u00e4ndigkeit auf die Bundesl\u00e4nder \u00fcbertragen. Seitdem hat jedes Land eigene rechtliche Grundlagen geschaffen. In den meisten Bundesl\u00e4ndern enthalten die jeweiligen Gesetze seither zumindest die Definition daf\u00fcr, was als&nbsp;betreutes Wohnen anzusehen ist. Auch das Sozialrecht schafft keine rechtliche Grundlage f\u00fcr das betreute Wohnen f\u00fcr Senioren. Das Sozialgesetzbuch Neuntes Buch (SGB IX) enth\u00e4lt in \u00a7 55 Abs. 2 lediglich Ausf\u00fchrungen zum betreuten Wohnen f\u00fcr Behinderte.<\/p>\n<p>Im Wohn- und Betreuungsvertragsgesetz (WBVG) sind zwar einige bestimmte Vertragskonstellationen f\u00fcr betreutes Wohnen geregelt. Das betreute Wohnen nur mit allgemeinen Unterst\u00fctzungsleistungen f\u00e4llt jedoch nicht unter dieses Gesetz. Rechtliche Grundlagen hierf\u00fcr ergeben sich daher aus dem allgemeinen <a title=\"Wohnungs-Rechtsschutz von ADVOCARD\" href=\"https:\/\/www.advocard.de\/wohnungsrechtsschutz\/\" target=\"_blank\">Mietrecht<\/a> und f\u00fcr die Betreuung &nbsp;aus dem Vertragsrecht, die beide im B\u00fcrgerlichen Gesetzbuch (BGB) geregelt sind.<\/p>\n<p><span style=\"border-radius: 2px; text-indent: 20px; width: auto; padding: 0px 4px 0px 0px; text-align: center; font: bold 11px\/20px 'Helvetica Neue',Helvetica,sans-serif; color: #ffffff; background: #bd081c  no-repeat scroll 3px 50% \/ 14px 14px; position: absolute; opacity: 1; z-index: 8675309; display: none; cursor: pointer;\">Merken<\/span><\/p>\n","protected":false},"excerpt":{"rendered":"<p>Betreutes Wohnen erm\u00f6glicht Senioren ein weitgehend selbstbestimmtes Leben, auch wenn sie ihren Alltag nicht mehr komplett alleine meistern k\u00f6nnen. Doch gibt es f\u00fcr diese besondere Wohnform eigentlich spezielle rechtliche Grundlagen? Mit dem 360\u00b0-&nbsp;Rechts\u00adschutz sind Sie in allen Lebenslagen rundum abgesichert. &gt;&gt; Mehr Teilhabe durch betreutes Wohnen Betreutes Wohnen gibt Menschen mit Hilfebedarf die M\u00f6glichkeit, ihr [\u2026]<\/p>\n","protected":false},"author":1,"featured_media":0,"comment_status":"closed","ping_status":"closed","sticky":false,"template":"","format":"standard","meta":{"_acf_changed":false,"wp_typography_post_enhancements_disabled":false,"footnotes":""},"categories":[35,38],"tags":[],"acf":[],"_links":{"self":[{"href":"https:\/\/www.advocard.de\/streitlotse\/wp-json\/wp\/v2\/posts\/13248"}],"collection":[{"href":"https:\/\/www.advocard.de\/streitlotse\/wp-json\/wp\/v2\/posts"}],"about":[{"href":"https:\/\/www.advocard.de\/streitlotse\/wp-json\/wp\/v2\/types\/post"}],"author":[{"embeddable":true,"href":"https:\/\/www.advocard.de\/streitlotse\/wp-json\/wp\/v2\/users\/1"}],"replies":[{"embeddable":true,"href":"https:\/\/www.advocard.de\/streitlotse\/wp-json\/wp\/v2\/comments?post=13248"}],"version-history":[{"count":3,"href":"https:\/\/www.advocard.de\/streitlotse\/wp-json\/wp\/v2\/posts\/13248\/revisions"}],"predecessor-version":[{"id":13253,"href":"https:\/\/www.advocard.de\/streitlotse\/wp-json\/wp\/v2\/posts\/13248\/revisions\/13253"}],"wp:attachment":[{"href":"https:\/\/www.advocard.de\/streitlotse\/wp-json\/wp\/v2\/media?parent=13248"}],"wp:term":[{"taxonomy":"category","embeddable":true,"href":"https:\/\/www.advocard.de\/streitlotse\/wp-json\/wp\/v2\/categories?post=13248"},{"taxonomy":"post_tag","embeddable":true,"href":"https:\/\/www.advocard.de\/streitlotse\/wp-json\/wp\/v2\/tags?post=13248"}],"curies":[{"name":"wp","href":"https:\/\/api.w.org\/{rel}","templated":true}]}}