{"id":13210,"date":"2017-02-20T11:28:02","date_gmt":"2017-02-20T10:28:02","guid":{"rendered":"https:\/\/www.advocard.de\/streitlotse\/arbeit-und-karriere\/kuendigung-formulieren-darauf-muessen-arbeitgeber-achten\/"},"modified":"2017-02-20T15:06:29","modified_gmt":"2017-02-20T14:06:29","slug":"kuendigung-formulieren-darauf-muessen-arbeitgeber-achten","status":"publish","type":"post","link":"https:\/\/www.advocard.de\/streitlotse\/arbeit-und-karriere\/kuendigung-formulieren-darauf-muessen-arbeitgeber-achten\/","title":{"rendered":"K\u00fcndigung for\u00admu\u00adlie\u00adren: Darauf m\u00fcssen Arbeit\u00adge\u00adber achten"},"content":{"rendered":"<p>Wenn Arbeitgeber eine K\u00fcndigung formulieren, gilt es einige Dinge zu beachten. Schlie\u00dflich soll das Schreiben <a title=\"Warum Rechtsschutz?\" href=\"https:\/\/www.advocard.de\/info\/\" target=\"_blank\">rechtlich<\/a>&nbsp;unangreifbar sein. Viele Arbeitgeber sind sich auch unsicher, ob sie einen K\u00fcndigungsgrund nennen m\u00fcssen.<\/p>\n<p><a title=\"ADVOCARD-360\u00b0-Gewerbe\" href=\"https:\/\/www.advocard.de\/gewerblicher-rechtsschutz\/\" target=\"_blank\">Der 360\u00b0-Rechtsschutz sichert Gewerbetreibende rundum ab. &gt;&gt;<\/a><\/p>\n<h2>All\u00adge\u00admei\u00adne Hinweise f\u00fcr Arbeitgeber<\/h2>\n<p>Wenn Sie eine K\u00fcndigung formulieren, m\u00fcssen Sie laut \u00a7 623 B\u00fcrgerliches Gesetzbuch (BGB) generell die <a title=\"M\u00fcndliche K\u00fcndigung des Jobs: Ist sie wirksam?\" href=\"https:\/\/www.advocard.de\/streitlotse\/arbeit-und-karriere\/muendliche-kuendigung-des-jobs-ist-sie-wirksam\/\" target=\"_blank\">Schriftform<\/a> w\u00e4hlen. Verwenden Sie das offizielle Briefpapier der Firma und geben Sie den vollen Namen und die korrekte Anschrift des Arbeitnehmers an. Im Text sollten Sie klare Formulierungen w\u00e4hlen, sodass der Arbeitnehmer eindeutig versteht, dass das Arbeitsverh\u00e4ltnis beendet wird. Vorsichtige Umschreibungen bringen weder ihn noch Sie weiter, wenn Sie eine K\u00fcndigung formulieren. Au\u00dferdem sollten Sie im Schreiben darauf hinweisen, dass der Mitarbeiter sich direkt nach Kenntnisnahme der K\u00fcndigung bei der zust\u00e4ndigen Arbeitsagentur melden soll. Fehlt dieser Hinweis, wird die K\u00fcndigung dadurch zwar nicht unwirksam, doch m\u00f6glicherweise kann der Arbeitnehmer sp\u00e4ter Regressanspr\u00fcche stellen, wenn er durch eine versp\u00e4tete Meldung Verluste beim Arbeitslosengeld hinnehmen muss. Ebenfalls wichtig ist die Unterschrift des <a title=\"Arbeitgeber-Rechtsschutz\" href=\"https:\/\/www.advocard.de\/arbeitgeber-rechtsschutz\/\" target=\"_blank\">Arbeitgebers<\/a>.<\/p>\n<h2><a href=\"https:\/\/www.advocard.de\/berufsrechtsschutz\/\" target=\"_blank\"><img loading=\"lazy\" decoding=\"async\" class=\"wp-image-9263 size-full alignright\" title=\"Bei Streit mit dem Chef hilft der Berufs-Rechtsschutz von ADVOCARD!\" src=\"https:\/\/www.advocard.de\/streitlotse\/wp-content\/uploads\/2015\/12\/Arbeit_Karriere_A.png\" alt=\"Bei Arbeitsrechtsfragen sind wir Ihr Partner!\" width=\"313\" height=\"198\" srcset=\"https:\/\/www.advocard.de\/streitlotse\/wp-content\/uploads\/2015\/12\/Arbeit_Karriere_A.png 313w, https:\/\/www.advocard.de\/streitlotse\/wp-content\/uploads\/2015\/12\/Arbeit_Karriere_A-300x190.png 300w\" sizes=\"(max-width: 313px) 100vw, 313px\"><\/a>K\u00fcndigung for\u00admu\u00adlie\u00adren: Muss man einen Grund angeben?<\/h2>\n<p>Viele Arbeitgeber fragen sich, ob sie einen Grund angeben m\u00fcssen, wenn sie eine K\u00fcndigung formulieren. Das ist in der Regel nicht der Fall, kann aber in bestimmten F\u00e4llen sinnvoll sein. Bei einer verhaltens- oder betriebsbedingten K\u00fcndigung, die aus gutem Grund erfolgt, teilen Sie dem Arbeitnehmer fairerweise die Hintergr\u00fcnde mit und haben selbst nicht viel zu verlieren. Andererseits legen Sie sich mit der Angabe eines Grundes auch darauf fest. Wird die Begr\u00fcndung in einem Rechtsstreit angefochten, kann die K\u00fcndigung unwirksam werden. Das war zum Beispiel bei der K\u00fcndigung eines Arztes gegen\u00fcber seiner Praxisangestellten der Fall: Er hatte ihr mit dem Verweis auf betriebliche Gr\u00fcnde gek\u00fcndigt, kurze Zeit vorher aber noch Neueinstellungen vorgenommen. Das Landesarbeitsgericht Mainz erkl\u00e4rte die K\u00fcndigung f\u00fcr unwirksam (AZ&nbsp;1 Sa 89\/16).<\/p>\n<p>Beachten Sie aber: Sie m\u00fcssen zwar keinen Grund angeben, aber in den meisten F\u00e4llen muss ein solcher vorliegen. Bei einer fristlosen K\u00fcndigung hat der Arbeitnehmer au\u00dferdem das Recht, den Grund unverz\u00fcglich zu erfahren. Da f\u00fcr bestimmte Personengruppen, zum Beispiel f\u00fcr <a title=\"K\u00fcndi\u00adgungs\u00adschutz in der Schwan\u00adger\u00adschaft: Die Rechtslage\" href=\"https:\/\/www.advocard.de\/streitlotse\/arbeit-und-karriere\/kuendigungsschutz-in-der-schwangerschaft-die-rechtslage\/\" target=\"_blank\">Schwangere<\/a>, ein besonderer K\u00fcndigungsschutz gilt, kann eine Beratung durch einen <a title=\"Anwaltssuche\" href=\"https:\/\/www.advocard.de\/service\/allgemeine-serviceleistungen\/anwaltssuche\/\" target=\"_blank\">Anwalt<\/a> empfehlenswert sein, bevor Sie die K\u00fcndigung formulieren.<\/p>\n<p><span style=\"border-radius: 2px; text-indent: 20px; width: auto; padding: 0px 4px 0px 0px; text-align: center; font: bold 11px\/20px 'Helvetica Neue',Helvetica,sans-serif; color: #ffffff; background: #bd081c  no-repeat scroll 3px 50% \/ 14px 14px; position: absolute; opacity: 1; z-index: 8675309; display: none; cursor: pointer; top: 352px; left: 20px;\">Merken<\/span><\/p>\n","protected":false},"excerpt":{"rendered":"<p>Wenn Arbeitgeber eine K\u00fcndigung formulieren, gilt es einige Dinge zu beachten. Schlie\u00dflich soll das Schreiben rechtlich&nbsp;unangreifbar sein. Viele Arbeitgeber sind sich auch unsicher, ob sie einen K\u00fcndigungsgrund nennen m\u00fcssen. Der 360\u00b0-Rechtsschutz sichert Gewerbetreibende rundum ab. &gt;&gt; All\u00adge\u00admei\u00adne Hinweise f\u00fcr Arbeitgeber Wenn Sie eine K\u00fcndigung formulieren, m\u00fcssen Sie laut \u00a7 623 B\u00fcrgerliches Gesetzbuch (BGB) generell die [\u2026]<\/p>\n","protected":false},"author":1,"featured_media":0,"comment_status":"closed","ping_status":"closed","sticky":false,"template":"","format":"standard","meta":{"_acf_changed":false,"wp_typography_post_enhancements_disabled":false,"footnotes":""},"categories":[3,14,67],"tags":[],"acf":[],"_links":{"self":[{"href":"https:\/\/www.advocard.de\/streitlotse\/wp-json\/wp\/v2\/posts\/13210"}],"collection":[{"href":"https:\/\/www.advocard.de\/streitlotse\/wp-json\/wp\/v2\/posts"}],"about":[{"href":"https:\/\/www.advocard.de\/streitlotse\/wp-json\/wp\/v2\/types\/post"}],"author":[{"embeddable":true,"href":"https:\/\/www.advocard.de\/streitlotse\/wp-json\/wp\/v2\/users\/1"}],"replies":[{"embeddable":true,"href":"https:\/\/www.advocard.de\/streitlotse\/wp-json\/wp\/v2\/comments?post=13210"}],"version-history":[{"count":3,"href":"https:\/\/www.advocard.de\/streitlotse\/wp-json\/wp\/v2\/posts\/13210\/revisions"}],"predecessor-version":[{"id":13219,"href":"https:\/\/www.advocard.de\/streitlotse\/wp-json\/wp\/v2\/posts\/13210\/revisions\/13219"}],"wp:attachment":[{"href":"https:\/\/www.advocard.de\/streitlotse\/wp-json\/wp\/v2\/media?parent=13210"}],"wp:term":[{"taxonomy":"category","embeddable":true,"href":"https:\/\/www.advocard.de\/streitlotse\/wp-json\/wp\/v2\/categories?post=13210"},{"taxonomy":"post_tag","embeddable":true,"href":"https:\/\/www.advocard.de\/streitlotse\/wp-json\/wp\/v2\/tags?post=13210"}],"curies":[{"name":"wp","href":"https:\/\/api.w.org\/{rel}","templated":true}]}}