{"id":13170,"date":"2025-04-16T15:20:17","date_gmt":"2025-04-16T13:20:17","guid":{"rendered":"https:\/\/www.advocard.de\/streitlotse\/familie-und-vorsorge\/namensaenderung-wann-kann-man-seinen-namen-aendern-lassen\/"},"modified":"2025-04-16T15:20:17","modified_gmt":"2025-04-16T13:20:17","slug":"namensaenderung-wann-kann-man-seinen-namen-aendern-lassen","status":"publish","type":"post","link":"https:\/\/www.advocard.de\/streitlotse\/familie-und-vorsorge\/namensaenderung-wann-kann-man-seinen-namen-aendern-lassen\/","title":{"rendered":"Vornamen \u00e4ndern lassen: Das gilt f\u00fcr Erwach\u00adse\u00adne und Kinder"},"content":{"rendered":"\n<p>Dein Vorname begleitet dich ein Leben lang. Aber es kann Situationen geben, in denen du nicht mehr mit ihm leben m\u00f6chtest. Ob aus psychischen, famili\u00e4ren oder sozialen Gr\u00fcnden: Eine \u00c4nderung des Vornamens kann manchmal der richtige Schritt sein. Doch wie funktioniert das eigentlich \u2013 und wer darf das \u00fcberhaupt? Wie der Antrag auf Namens\u00e4nderung abl\u00e4uft und was du noch wissen solltest, liest du hier.<\/p>\n\n\n\n<p><a href=\"https:\/\/www.advocard.de\/360-grad\/\">Absicherung f\u00fcr die ganze Familie: Mit einem 360\u00b0-Rechtsschutz. &gt;&gt;<\/a><\/p>\n\n\n\n<h2 class=\"wp-block-heading\">Recht\u00adli\u00adche Grund\u00adla\u00adgen f\u00fcr die \u00c4nderung des Vornamens<\/h2>\n\n\n\n<p>Die rechtlichen Rahmenbedingungen zur \u00c4nderung des Vornamens regelt in Deutschland das Namens\u00e4nderungsgesetz (Nam\u00c4ndG). Eine \u00c4nderung des Vornamens ist nach \u00a7 3 Nam\u00c4ndG <strong>nur m\u00f6glich, wenn ein<\/strong> <strong>sogenannter wichtiger Grund<\/strong> <strong>vorliegt.<\/strong><\/p>\n\n\n\n<p>Das ist nach der Allgemeinen Verwaltungsvorschrift zum Nam\u00c4ndG (Nam\u00c4ndVwV) dann der Fall, wenn die Fortf\u00fchrung des bisherigen Namens f\u00fcr die betroffene Person <strong>mit erheblichen Nachteilen, Belastungen oder Konflikten verbunden<\/strong> ist. Dabei wird jeder Fall individuell gepr\u00fcft. Auch die Reihenfolge der Vornamen kann in begr\u00fcndeten F\u00e4llen ge\u00e4ndert werden.<\/p>\n\n\n\n<p>Willst du deinen Vornamen \u00e4ndern lassen, musst du <strong>mindestens 18 Jahre alt<\/strong> sein. Bist du j\u00fcnger, brauchst du die Zustimmung deiner Erziehungsberechtigten \u2013 mehr dazu weiter unten.<\/p>\n\n\n\n<div class=\"fazitbox\">\n<div class=\"fazitbox-titel\">Info<\/div>\n<h2>Diese Unter\u00adla\u00adgen brauchst du f\u00fcr eine Vornamens\u00e4nderung<\/h2>\n<p>\nWenn du deinen Vornamen in Deutschland \u00e4ndern lassen m\u00f6chtest, ben\u00f6tigst du \u00fcblicherweise folgende Unterlagen:\n<\/p>\n<p>\n<\/p><ul>\n<li>G\u00fcltiger <a href=\"https:\/\/www.advocard.de\/streitlotse\/internet-und-konsum\/personalausweis-abgelaufen-ab-wann-droht-ein-bussgeld\/\">Per\u00adso\u00adnal\u00adaus\u00adweis<\/a> oder Reisepass<\/li>\n<li><a href=\"https:\/\/www.advocard.de\/streitlotse\/familie-und-vorsorge\/geburtsurkunde-beantragen-kind-anmelden-beim-standesamt\/\">Geburts\u00adur\u00adkun\u00adde<\/a><\/li>\n<li>Aktuelle Mel\u00adde\u00adbe\u00adschei\u00adni\u00adgung<\/li>\n<li>Schrift\u00adli\u00adche Begr\u00fcn\u00addung mit Belegen (z.&nbsp;B. Atteste, Zeugnisse, Gutachten)<\/li>\n<\/ul>\n\n<p>\nJe nach Bundesland und individueller Lage kann die Liste an Unterlagen leicht variieren. Informiere dich deshalb vorab bei deiner zust\u00e4ndigen Beh\u00f6rde \u2013 das ist meist das Standesamt oder das Ordnungsamt deines Wohnorts.\n<\/p>\n<\/div>\n\n\n\n<h2 class=\"wp-block-heading\">Wichtige Gr\u00fcnde f\u00fcr eine Vornamens\u00e4nderung<\/h2>\n\n\n\n<p>Typische anerkannte Gr\u00fcnde f\u00fcr eine Vornamens\u00e4nderung sind zum Beispiel:<\/p>\n\n\n\n<ul>\n<li><a href=\"https:\/\/www.advocard.de\/streitlotse\/familie-und-vorsorge\/mobbing-in-der-schule-wie-kann-der-lehrer-vorgehen\/\">Mobbing<\/a> oder psy\u00adchi\u00adsche Belastung aufgrund des Vornamens<\/li>\n\n\n\n<li>L\u00e4cher\u00adli\u00adcher, anst\u00f6\u00ad\u00dfi\u00adger oder <strong>stark unge\u00adw\u00f6hn\u00adli\u00adcher Vorname<\/strong> (z.&nbsp;B. Matt-Eagle, Pumuckl oder Solarfried)<\/li>\n\n\n\n<li>Wunsch nach <strong>Abgren\u00adzung<\/strong> von einem Eltern\u00adteil, etwa nach <a href=\"https:\/\/www.advocard.de\/streitlotse\/familie-und-vorsorge\/kindeswohlgefaehrdung-erkennen-und-richtig-handeln\/\">Miss\u00adbrauch<\/a> oder Entfremdung<\/li>\n\n\n\n<li>Wunsch nach <strong>Namens\u00adan\u00adglei\u00adchung bei <\/strong><a href=\"https:\/\/www.advocard.de\/streitlotse\/familie-und-vorsorge\/stiefkindadoption-muss-leiblicher-elternteil-zustimmen\/\"><strong>Adoption<\/strong><\/a><\/li>\n\n\n\n<li>Wunsch nach einem geschlechts\u00adneu\u00adtra\u00adlen Vornamen, unab\u00adh\u00e4n\u00adgig vom Geschlechtseintrag<\/li>\n\n\n\n<li>Wunsch nach einem Vornamen, der der eigenen <strong>kul\u00adtu\u00adrel\u00adlen Identit\u00e4t<\/strong> besser ent\u00adspricht, etwa bei Sp\u00e4t\u00adaus\u00adsied\u00adlern oder Religionswechsel<\/li>\n<\/ul>\n\n\n\n<p>Eine reine Unzufriedenheit mit dem eigenen Namen oder ein blo\u00dfes Missfallen reicht f\u00fcr einen \u00c4nderungsantrag hingegen nicht aus. Manche Vornamen werden allerdings von Standes\u00e4mtern von vornherein abgelehnt. Welche das sind, erf\u00e4hrst du im Artikel \u00fcber <a href=\"https:\/\/www.advocard.de\/streitlotse\/familie-und-vorsorge\/verbotene-vornamen-wie-kinder-nicht-heissen-duerfen\/\">verbotene Vornamen<\/a>.<\/p>\n\n\n\n<p><strong>Wichtig:<\/strong> <a href=\"https:\/\/www.advocard.de\/streitlotse\/familie-und-vorsorge\/namensrecht-rechtliches-zum-ehe-und-familiennamen\/\">\u00c4nderungen des Nachnamens<\/a> sind unabh\u00e4ngig davon geregelt und erfordern gesonderte Verfahren.<\/p>\n\n\n\n<figure class=\"wp-block-image size-large\"><img loading=\"lazy\" decoding=\"async\" width=\"1024\" height=\"472\" src=\"https:\/\/www.advocard.de\/streitlotse\/wp-content\/uploads\/2017\/02\/Streitlotse-Vornamen-aendern-fizkes-1024x472.jpg\" alt=\"Person h\u00e4lt Kugelschreiber in der Hand und unterzeichnet ein Dokument\" class=\"wp-image-25898\" srcset=\"https:\/\/www.advocard.de\/streitlotse\/wp-content\/uploads\/2017\/02\/Streitlotse-Vornamen-aendern-fizkes-1024x472.jpg 1024w, https:\/\/www.advocard.de\/streitlotse\/wp-content\/uploads\/2017\/02\/Streitlotse-Vornamen-aendern-fizkes-300x138.jpg 300w, https:\/\/www.advocard.de\/streitlotse\/wp-content\/uploads\/2017\/02\/Streitlotse-Vornamen-aendern-fizkes-768x354.jpg 768w, https:\/\/www.advocard.de\/streitlotse\/wp-content\/uploads\/2017\/02\/Streitlotse-Vornamen-aendern-fizkes.jpg 1140w\" sizes=\"(max-width: 1024px) 100vw, 1024px\"><figcaption class=\"wp-element-caption\">\u00a9 iStock.com\/fizkes<\/figcaption><\/figure>\n\n\n\n<h2 class=\"wp-block-heading\">Vor\u00adna\u00admens\u00ad\u00e4n\u00adde\u00adrung: Schritt f\u00fcr Schritt<\/h2>\n\n\n\n<p>Sobald du alle Unterlagen vollst\u00e4ndig zusammengestellt hast, kannst du den <strong>Antrag auf Vornamens\u00e4nderung bei der zust\u00e4ndigen Beh\u00f6rde einreichen <\/strong>\u2013 das l\u00e4uft in der Regel wie folgt ab:<\/p>\n\n\n\n<ol>\n<li>Stelle deinen Antrag auf \u00c4nderung des Vornamens schrift\u00adlich: Oft gibt es daf\u00fcr ein <strong>spe\u00adzi\u00adel\u00adles Formular.<\/strong> Achte darauf, die Gr\u00fcnde klar und nach\u00advoll\u00adzieh\u00adbar dar\u00adzu\u00adle\u00adgen und f\u00fcge alle Nachweise direkt bei.<\/li>\n\n\n\n<li>Jetzt wird dein Antrag <strong>durch die Beh\u00f6rde gepr\u00fcft:<\/strong> Diese kann R\u00fcck\u00adfra\u00adgen stellen oder Gutachten anfordern.<\/li>\n\n\n\n<li>Nach der Pr\u00fcfung erh\u00e4ltst du einen <strong>Bescheid \u00fcber die Annahme<\/strong> oder Ablehnung deiner Namens\u00e4nderung.<\/li>\n<\/ol>\n\n\n\n<p>Die Kosten f\u00fcr eine Vornamens\u00e4nderung k\u00f6nnen je nach Aufwand unter hundert Euro oder auch mehrere hundert Euro betragen. Wird dein Antrag abgelehnt, kannst duinnerhalb eines Monatsbei der ausstellenden Beh\u00f6rde <strong>schriftlich<\/strong> <strong>Widerspruch<\/strong> <strong>einlegen.<\/strong> In vielen F\u00e4llen lohnt sich auch eine <a href=\"https:\/\/www.advocard.de\/service\/anwaltssuche\/\">anwaltliche Beratung,<\/a> vor allem bei komplizierten F\u00e4llen oder unklarer Beweislage.<\/p>\n\n\n\n<h2 class=\"wp-block-heading\">Vor\u00adna\u00admens\u00ad\u00e4n\u00adde\u00adrung f\u00fcr Kinder: Nur im Einklang mit dem Kindeswohl<\/h2>\n\n\n\n<p>Die \u00c4nderung des Vornamens eines Kindes unterliegt besonders hohen Anforderungen, da hier das <strong>Kindeswohl im Vordergrund<\/strong> steht. Eine Vornamens\u00e4nderung ist nur dann m\u00f6glich, wenn sie im klaren Interesse des Kindes liegt und das Kind <strong>nicht \u00e4lter als 16 Jahre<\/strong> ist.<\/p>\n\n\n\n<p>Zustimmen m\u00fcssen laut B\u00fcrgerliches Gesetzbuch (BGB):<\/p>\n\n\n\n<ul>\n<li>Beide Sor\u00adge\u00adbe\u00adrech\u00adtig\u00adten (bei <a href=\"https:\/\/www.advocard.de\/streitlotse\/familie-und-vorsorge\/gemeinsames-sorgerecht-erteilung-und-entscheidungen\/\">gemein\u00adsa\u00admem Sor\u00adge\u00adrecht<\/a>)<\/li>\n\n\n\n<li>Das Kind selbst, wenn es \u00e4lter als 14 Jahre ist (\u00a7 1617c&nbsp;BGB)<\/li>\n<\/ul>\n\n\n<div class=\"wp-block-image\">\n<figure class=\"alignright size-full\"><a href=\"https:\/\/www.advocard.de\/info\/privat\/\" target=\"_blank\" rel=\"noreferrer noopener\"><img loading=\"lazy\" decoding=\"async\" width=\"300\" height=\"190\" src=\"https:\/\/www.advocard.de\/streitlotse\/wp-content\/uploads\/2020\/10\/201019_Advocard_Teaser_Absicherung.jpg\" alt=\"Alle Informationen zu der privaten Rechtsschutzversicherung von ADVOCARD\" class=\"wp-image-21284\"><\/a><\/figure><\/div>\n\n\n<p>Die Beh\u00f6rde pr\u00fcft besonders sorgf\u00e4ltig, <strong>ob emotionale Belastungen oder soziale Benachteiligungen durch den Vornamen vorliegen.<\/strong> Auch Stellungnahmen des Jugendamts k\u00f6nnen eingeholt werden.<\/p>\n\n\n\n<p>Problematisch wird es, wenn ein Elternteil nicht einwilligt oder der Antrag rein auf Wunsch der Eltern ohne ersichtlichen Vorteil f\u00fcr das Kind gestellt wird. Hier k\u00f6nnen familienrechtliche Auseinandersetzungen folgen. Auch bei Kindern gilt: <strong>Die reine Unzufriedenheit mit dem Vornamen reicht nicht aus.<\/strong><\/p>\n\n\n\n<p>Wie nach einer <a href=\"https:\/\/www.advocard.de\/streitlotse\/familie-und-vorsorge\/scheidung-einreichen-alles-wichtige-zu-kosten-ablauf-und-unterhalt\/\">Scheidung<\/a> der Nachname eines Kindes ge\u00e4ndert werden kann, erf\u00e4hrst du <a href=\"https:\/\/www.advocard.de\/streitlotse\/familie-und-vorsorge\/namensaenderung-bei-kindern-nach-scheidung-wann-geht-das\/\">in diesem Artikel<\/a>.<\/p>\n\n\n\n<figure class=\"wp-block-image size-large\"><img loading=\"lazy\" decoding=\"async\" width=\"1024\" height=\"472\" src=\"https:\/\/www.advocard.de\/streitlotse\/wp-content\/uploads\/2025\/04\/Streitlotse-Vornamen-aendern-Yuliia-Kaveshnikova-1024x472.jpg\" alt=\"M\u00e4dchen streitet mit Vater und h\u00e4lt sich die Ohren zu\" class=\"wp-image-25900\" srcset=\"https:\/\/www.advocard.de\/streitlotse\/wp-content\/uploads\/2025\/04\/Streitlotse-Vornamen-aendern-Yuliia-Kaveshnikova-1024x472.jpg 1024w, https:\/\/www.advocard.de\/streitlotse\/wp-content\/uploads\/2025\/04\/Streitlotse-Vornamen-aendern-Yuliia-Kaveshnikova-300x138.jpg 300w, https:\/\/www.advocard.de\/streitlotse\/wp-content\/uploads\/2025\/04\/Streitlotse-Vornamen-aendern-Yuliia-Kaveshnikova-768x354.jpg 768w, https:\/\/www.advocard.de\/streitlotse\/wp-content\/uploads\/2025\/04\/Streitlotse-Vornamen-aendern-Yuliia-Kaveshnikova.jpg 1140w\" sizes=\"(max-width: 1024px) 100vw, 1024px\"><figcaption class=\"wp-element-caption\">\u00a9 iStock.com\/Yuliia Kaveshnikova<\/figcaption><\/figure>\n\n\n\n<h2 class=\"wp-block-heading\">Son\u00adder\u00adfall: Trans\u00adge\u00adschlecht\u00adli\u00adche Personen<\/h2>\n\n\n\n<p>F\u00fcr trans Personen wurde mit dem neuen Selbstbestimmungsgesetz die <a href=\"https:\/\/www.advocard.de\/streitlotse\/internet-und-konsum\/das-neue-selbstbestimmungsgesetz-so-aenderst-du-deinen-geschlechtseintrag\/\">\u00c4nderung des Geschlechtseintrags<\/a> und in diesem Kontext auch der <strong>Umgang mit der \u00c4nderung von Vornamen vereinfacht.<\/strong><\/p>\n\n\n\n<p>Dennoch verlangen viele Beh\u00f6rden weiterhin<strong> bestimmte Nachweise<\/strong> wie:<\/p>\n\n\n\n<ul>\n<li>Psy\u00adcho\u00adlo\u00adgi\u00adsche Stel\u00adlung\u00adnah\u00admen oder Atteste zur Geschlechtsidentit\u00e4t<\/li>\n\n\n\n<li>Nachweis \u00fcber die Namens\u00adver\u00adwen\u00addung im Alltag<\/li>\n\n\n\n<li>In manchen F\u00e4llen: Antrag\u00adstel\u00adlung \u00fcber das Familiengericht<\/li>\n<\/ul>\n\n\n\n<p>Betroffene finden durch <strong>queere Beratungsstellen oder spezialisierte Anw\u00e4lte<\/strong> Unterst\u00fctzung. Diese k\u00f6nnen helfen, b\u00fcrokratische H\u00fcrden zu \u00fcberwinden und das Verfahren zu beschleunigen.<\/p>\n\n\n\n<h2 class=\"wp-block-heading\">Aus\u00adwir\u00adkun\u00adgen und Kon\u00adse\u00adquen\u00adzen einer Vornamens\u00e4nderung<\/h2>\n\n\n\n<p>Nach einer \u00c4nderung des Vornamens bist du verpflichtet, <strong>alle relevanten Stellen \u00fcber die Namens\u00e4nderung zu informieren.<\/strong> H\u00e4ufig musst du einen entsprechenden Nachweis vorlegen \u2013 zum Beispiel den \u00c4nderungsbescheid.<\/p>\n\n\n\n<p>In diesem Zuge musst du <strong>pers\u00f6nliche Dokumente aktualisieren oder neu beantragen,<\/strong> wie etwa:<\/p>\n\n\n\n<ul>\n<li>Per\u00adso\u00adnal\u00adaus\u00adweis und Reisepass<\/li>\n\n\n\n<li><a href=\"https:\/\/www.advocard.de\/streitlotse\/kategorie\/verkehr-und-mobilitaet\/fuererschein\/\">F\u00fch\u00adrer\u00adschein<\/a><\/li>\n\n\n\n<li>Kran\u00adken\u00adver\u00adsi\u00adche\u00adrungs\u00adkar\u00adte<\/li>\n\n\n\n<li>Ren\u00adten\u00adver\u00adsi\u00adche\u00adrungs\u00adun\u00adter\u00adla\u00adgen<\/li>\n\n\n\n<li>Zeugnisse, Urkunden, Vertr\u00e4ge<\/li>\n<\/ul>\n\n\n\n<p>Auch bestehende Vertr\u00e4ge \u2013 etwa mit Banken, Versicherungen, Arbeitgebern oder Mobilfunkanbietern \u2013 musst du zeitnah anpassen.<\/p>\n\n\n\n<div class=\"multicolumn-container\">\n<div class=\"multicolumn-col\">\n<h2>FAQ<\/h2>\n<p>\n<\/p><ul>\n<li><b>Kann man seinen Vornamen \u00e4ndern?<\/b><\/li>\n<\/ul>\n\n<p>\nJa, wenn ein wichtiger Grund vorliegt, kannst du deinen Vornamen auf Antrag \u00e4ndern.\n<\/p>\n<p>\n<\/p><ul>\n<li><b>Wie kann ich meinen Vornamen \u00e4ndern?<\/b><\/li>\n<\/ul>\n\n<p>\nWenn du deinen Vornamen \u00e4ndern willst, stellst du einen Antrag bei der zust\u00e4ndigen Beh\u00f6rde und begr\u00fcndest ihn mit geeigneten Nachweisen.\n<\/p>\n<p>\n<\/p><ul>\n<li><b>Wie lange kann man den Vornamen des Kindes \u00e4ndern?<\/b><\/li>\n<\/ul>\n<p>\nDer Vorname eines Kindes kann bis zum Alter von 16 Jahren von den Eltern ge\u00e4ndert werden, sofern ein wichtiger Grund vorliegt. Dabei muss das Kindeswohl im Vordergrund stehen und das Kind muss dem zustimmen, wenn es \u00e4lter als 14 Jahre ist.\n<\/p>\n<\/div>\n<\/div>\n","protected":false},"excerpt":{"rendered":"<p>Dein Vorname begleitet dich ein Leben lang. Aber es kann Situationen geben, in denen du nicht mehr mit ihm leben m\u00f6chtest. Ob aus psychischen, famili\u00e4ren oder sozialen Gr\u00fcnden: Eine \u00c4nderung des Vornamens kann manchmal der richtige Schritt sein. Doch wie funktioniert das eigentlich \u2013 und wer darf das \u00fcberhaupt? Wie der Antrag auf Namens\u00e4nderung abl\u00e4uft [\u2026]<\/p>\n","protected":false},"author":1,"featured_media":0,"comment_status":"closed","ping_status":"closed","sticky":false,"template":"","format":"standard","meta":{"_acf_changed":false,"wp_typography_post_enhancements_disabled":false,"footnotes":""},"categories":[35,78],"tags":[664,486,662,663],"acf":[],"_links":{"self":[{"href":"https:\/\/www.advocard.de\/streitlotse\/wp-json\/wp\/v2\/posts\/13170"}],"collection":[{"href":"https:\/\/www.advocard.de\/streitlotse\/wp-json\/wp\/v2\/posts"}],"about":[{"href":"https:\/\/www.advocard.de\/streitlotse\/wp-json\/wp\/v2\/types\/post"}],"author":[{"embeddable":true,"href":"https:\/\/www.advocard.de\/streitlotse\/wp-json\/wp\/v2\/users\/1"}],"replies":[{"embeddable":true,"href":"https:\/\/www.advocard.de\/streitlotse\/wp-json\/wp\/v2\/comments?post=13170"}],"version-history":[{"count":6,"href":"https:\/\/www.advocard.de\/streitlotse\/wp-json\/wp\/v2\/posts\/13170\/revisions"}],"predecessor-version":[{"id":25904,"href":"https:\/\/www.advocard.de\/streitlotse\/wp-json\/wp\/v2\/posts\/13170\/revisions\/25904"}],"wp:attachment":[{"href":"https:\/\/www.advocard.de\/streitlotse\/wp-json\/wp\/v2\/media?parent=13170"}],"wp:term":[{"taxonomy":"category","embeddable":true,"href":"https:\/\/www.advocard.de\/streitlotse\/wp-json\/wp\/v2\/categories?post=13170"},{"taxonomy":"post_tag","embeddable":true,"href":"https:\/\/www.advocard.de\/streitlotse\/wp-json\/wp\/v2\/tags?post=13170"}],"curies":[{"name":"wp","href":"https:\/\/api.w.org\/{rel}","templated":true}]}}