{"id":13057,"date":"2017-01-31T15:14:01","date_gmt":"2017-01-31T14:14:01","guid":{"rendered":"https:\/\/www.advocard.de\/streitlotse\/verkehr-und-mobilitaet\/schmerzensgeld-nach-fahrradunfall-kind-haftet-selbst\/"},"modified":"2017-01-31T15:39:28","modified_gmt":"2017-01-31T14:39:28","slug":"schmerzensgeld-nach-fahrradunfall-kind-haftet-selbst","status":"publish","type":"post","link":"https:\/\/www.advocard.de\/streitlotse\/verkehr-und-mobilitaet\/schmerzensgeld-nach-fahrradunfall-kind-haftet-selbst\/","title":{"rendered":"Schmer\u00adzens\u00adgeld nach Fahr\u00adrad\u00adun\u00adfall: Kind haftet selbst"},"content":{"rendered":"<p>Ein Kind kann nach einem selbst verursachten Fahrradunfall <a title=\"Warum Rechtsschutz?\" href=\"https:\/\/www.advocard.de\/info\/\" target=\"_blank\">in Haftung genommen werden<\/a>. Das Schmerzensgeld und weitere Kosten muss ein Elfj\u00e4hriger, der verkehrswidrig auf seinem Fahrrad unterwegs war und eine Frau bei einem Zusammensto\u00df schwer verletzt hat, selbst tragen. Das hat das Oberlandesgericht (OLG) Hamm entschieden und damit ein erstinstanzliches Urteil best\u00e4tigt.<\/p>\n<p><a title=\"Verkehrs-Rechtsschutz\" href=\"https:\/\/www.advocard.de\/verkehrsrechtsschutz\/\" target=\"_blank\">Streitf\u00e4lle im Stra\u00dfenverkehr: Mit einem Verkehrs-Rechtsschutz sind Sie f\u00fcr den Ernstfall abgesichert. &gt;&gt;<\/a><\/p>\n<p>Wie das OLG Hamm&nbsp;mitteilte,&nbsp;war der elfj\u00e4hrige Junge in Werne (Nordrhein-Westfalen) mit seinem Fahrrad auf dem Gehweg und entgegen der eigentlichen Fahrtrichtung unterwegs, als er an einer Kreuzung mit einer erwachsenen Radfahrerin zusammenstie\u00df. Diese erlitt bei dem Fahrradunfall schwere Knie- und Sprunggelenksverletzungen, unter denen sie nach Gerichtsangaben zum Teil bis heute leidet. Bereits das <a title=\"Rechtsschutz-Lexikon: Zust\u00e4ndiges Gericht\" href=\"https:\/\/www.advocard.de\/rechtsschutz-lexikon\/z\/zustaendiges-gericht\/\" target=\"_blank\">Landgericht<\/a> Dortmund hatte den Elfj\u00e4hrigen in erster Instanz zur Zahlung von Schmerzensgeld, Schadenersatz f\u00fcr Erwerbs- und Haushaltsf\u00fchrungssch\u00e4den sowie einer viertelj\u00e4hrlichen Rente verurteilt. Dieses <a title=\"Prozesskostenrechner\" href=\"https:\/\/www.advocard.de\/prozesskostenrechner\/\" target=\"_blank\">Urteil <\/a>best\u00e4tigte das OLG Hamm (AZ 9 U 238\/15).<\/p>\n<p><a href=\"https:\/\/www.advocard.de\/advocard-im-test\/\" target=\"_blank\"><img loading=\"lazy\" decoding=\"async\" class=\"alignright wp-image-9268 size-full\" title=\"Fragen Sie bei Streit im Stra\u00dfenverkehr den Testsieger!\" src=\"https:\/\/www.advocard.de\/streitlotse\/wp-content\/uploads\/2015\/12\/Verkehr_Mobilita\u0308t_A.png\" alt=\"Advocard-Verkehrsrechtsschutz\" width=\"313\" height=\"198\" srcset=\"https:\/\/www.advocard.de\/streitlotse\/wp-content\/uploads\/2015\/12\/Verkehr_Mobilita\u0308t_A.png 313w, https:\/\/www.advocard.de\/streitlotse\/wp-content\/uploads\/2015\/12\/Verkehr_Mobilita\u0308t_A-300x190.png 300w\" sizes=\"(max-width: 313px) 100vw, 313px\"><\/a>Das Gericht stellte klar, dass ein Elfj\u00e4hriger nicht mehr berechtigt sei, auf dem Gehweg mit dem Fahrrad zu fahren. Aus diesem Grund und weil er zudem <a title=\"Radweg falsch benutzt: Radfahrer tr\u00e4gt Mitschuld an Unfall\" href=\"https:\/\/www.advocard.de\/streitlotse\/verkehr-und-mobilitaet\/radweg-falsch-benutzt-radfahrer-hat-mitschuld-an-unfall\/\" target=\"_blank\">entgegen der eigentlichen Fahrtrichtung gefahren<\/a> sei, habe der Junge verkehrswidrig gehandelt. Er habe an der Kreuzung nicht auf den querenden Fahrradverkehr geachtet und damit die Vorfahrt der&nbsp;anderen Radfahrerin missachtet. Seine Fahrweise bezeichneten die Richter als \"hochgef\u00e4hrlich\".<\/p>\n<p>Dass das <a title=\"\u201eEltern haften f\u00fcr ihre Kinder\u201c: Stimmt das?\" href=\"https:\/\/www.advocard.de\/streitlotse\/internet-und-konsum\/eltern-haften-fuer-ihre-kinder-stimmt-das\/\">Kind f\u00fcr den Unfall die alleinige Haftung tr\u00e4gt<\/a>, begr\u00fcndeten die Richter auch damit, dass der Elfj\u00e4hrige trotz seines Alters f\u00fcr sein Fehlverhalten verantwortlich zu machen sei. Er habe vor Gericht nicht&nbsp;erkennen lassen, dass ihm zum Unfallzeitpunkt die erforderliche Einsicht f\u00fcr sein Handeln gefehlt habe. Der verletzten Radfahrerin sei zudem keine Mitschuld an dem Fahrradunfall nachzuweisen, so das Gericht.<\/p>\n","protected":false},"excerpt":{"rendered":"<p>Ein Kind kann nach einem selbst verursachten Fahrradunfall in Haftung genommen werden. Das Schmerzensgeld und weitere Kosten muss ein Elfj\u00e4hriger, der verkehrswidrig auf seinem Fahrrad unterwegs war und eine Frau bei einem Zusammensto\u00df schwer verletzt hat, selbst tragen. Das hat das Oberlandesgericht (OLG) Hamm entschieden und damit ein erstinstanzliches Urteil best\u00e4tigt. Streitf\u00e4lle im Stra\u00dfenverkehr: Mit [\u2026]<\/p>\n","protected":false},"author":1,"featured_media":0,"comment_status":"closed","ping_status":"closed","sticky":false,"template":"","format":"standard","meta":{"_acf_changed":false,"wp_typography_post_enhancements_disabled":false,"footnotes":""},"categories":[5,70],"tags":[],"acf":[],"_links":{"self":[{"href":"https:\/\/www.advocard.de\/streitlotse\/wp-json\/wp\/v2\/posts\/13057"}],"collection":[{"href":"https:\/\/www.advocard.de\/streitlotse\/wp-json\/wp\/v2\/posts"}],"about":[{"href":"https:\/\/www.advocard.de\/streitlotse\/wp-json\/wp\/v2\/types\/post"}],"author":[{"embeddable":true,"href":"https:\/\/www.advocard.de\/streitlotse\/wp-json\/wp\/v2\/users\/1"}],"replies":[{"embeddable":true,"href":"https:\/\/www.advocard.de\/streitlotse\/wp-json\/wp\/v2\/comments?post=13057"}],"version-history":[{"count":2,"href":"https:\/\/www.advocard.de\/streitlotse\/wp-json\/wp\/v2\/posts\/13057\/revisions"}],"predecessor-version":[{"id":13065,"href":"https:\/\/www.advocard.de\/streitlotse\/wp-json\/wp\/v2\/posts\/13057\/revisions\/13065"}],"wp:attachment":[{"href":"https:\/\/www.advocard.de\/streitlotse\/wp-json\/wp\/v2\/media?parent=13057"}],"wp:term":[{"taxonomy":"category","embeddable":true,"href":"https:\/\/www.advocard.de\/streitlotse\/wp-json\/wp\/v2\/categories?post=13057"},{"taxonomy":"post_tag","embeddable":true,"href":"https:\/\/www.advocard.de\/streitlotse\/wp-json\/wp\/v2\/tags?post=13057"}],"curies":[{"name":"wp","href":"https:\/\/api.w.org\/{rel}","templated":true}]}}