{"id":12355,"date":"2024-11-13T17:17:04","date_gmt":"2024-11-13T16:17:04","guid":{"rendered":"https:\/\/www.advocard.de\/streitlotse\/arbeit-und-karriere\/fuersorgepflicht-des-arbeitgebers-das-umfasst-sie\/"},"modified":"2024-11-13T17:18:05","modified_gmt":"2024-11-13T16:18:05","slug":"fuersorgepflicht-des-arbeitgebers-das-umfasst-sie","status":"publish","type":"post","link":"https:\/\/www.advocard.de\/streitlotse\/arbeit-und-karriere\/fuersorgepflicht-des-arbeitgebers-das-umfasst-sie\/","title":{"rendered":"F\u00fcr\u00adsor\u00adge\u00adpflicht Arbeit\u00adge\u00adber: Das solltest du als Arbeit\u00adneh\u00admer wissen"},"content":{"rendered":"\n<p>Die F\u00fcrsorgepflicht des Arbeitgebers ergibt sich automatisch aus dem Arbeitsverh\u00e4ltnis. Arbeitgeber sind somit&nbsp;per Gesetz verpflichtet, sich in einem bestimmten Rahmen um das Wohlergehen ihrer Angestellten zu k\u00fcmmern. Hier liest du, welche Bereiche das umfasst und was passiert, wenn der Arbeitgeber die F\u00fcrsorgepflicht verletzt.<\/p>\n\n\n\n<p><a href=\"https:\/\/www.advocard.de\/berufsrechtsschutz\/\" target=\"_blank\" rel=\"noreferrer noopener\">Du f\u00fchlst dich im Beruf ungerecht behandelt? Ein Berufs-Rechtsschutz hilft weiter. &gt;&gt;<\/a><\/p>\n\n\n\n<h2 class=\"wp-block-heading\">F\u00fcr\u00adsor\u00adge\u00adpflicht: Arbeit\u00adge\u00adber kann sie nicht umgehen<\/h2>\n\n\n\n<p>Die gesetzliche Grundlage f\u00fcr die F\u00fcrsorgepflicht des Arbeitgebers ist in den \u00a7\u00a7 617 bis 619 B\u00fcrgerliches Gesetzbuch (BGB) verankert. Der&nbsp;<a href=\"https:\/\/www.advocard.de\/arbeitgeber-rechtsschutz\/\">Arbeitgeber<\/a>&nbsp;muss demnach <strong>Schutz-, Sorgfalts- und Auskunftspflichten nachkommen,<\/strong> die alle dazu dienen, dass die Angestellten keiner Gefahr f\u00fcr Leben und Gesundheit ausgesetzt sind.<\/p>\n\n\n\n<p>Au\u00dferdem muss der Arbeitgeber auch weitere Rechte seiner Angestellten sch\u00fctzen, zum Beispiel auf Eigentum oder Gleichbehandlung. Es ist <strong>nicht m\u00f6glich, die F\u00fcrsorgepflicht durch entsprechende Regelungen im&nbsp;<\/strong><a href=\"https:\/\/www.advocard.de\/streitlotse\/arbeit-und-karriere\/entscheidende-regelungen-im-arbeitsvertrag\/\"><strong>Arbeitsvertrag<\/strong><\/a><strong>&nbsp;zu umgehen. <\/strong>Sie gilt automatisch f\u00fcr jedes Arbeitsverh\u00e4ltnis.<\/p>\n\n\n\n<p>Allerdings m\u00fcssen die Ma\u00dfnahmen des Arbeitgebers <strong>verh\u00e4ltnism\u00e4\u00dfig und diesem zumutbar sein. <\/strong>Die Arbeitnehmer m\u00fcssen im Rahmen der F\u00fcrsorgepflicht so weit gesch\u00fctzt werden, \u201eals die Natur der Dienstleistung es gestattet\u201c (\u00a7 618 BGB). Unverh\u00e4ltnism\u00e4\u00dfige finanzielle Aufwendungen werden vom Arbeitgeber nicht verlangt.<\/p>\n\n\n\n<div class=\"fazitbox\">\n<div class=\"fazitbox-titel\">Info<\/div>\n<h2>Weitere gesetz\u00adli\u00adche Rah\u00admen\u00adbe\u00addin\u00adgun\u00adgen f\u00fcr die F\u00fcrsorgepflicht<\/h2>\n<p>\nNeben dem BGB gibt es weitere gesetzliche Vorschriften, die die F\u00fcrsorgepflicht des Arbeitgebers n\u00e4her definieren und den Umfang kl\u00e4ren, in dem Arbeitgeber f\u00fcr die Sicherheit und Gesundheit ihrer Arbeitnehmer verantwortlich sind. Dazu geh\u00f6ren beispielsweise\n<\/p>\n<p>\n<\/p><ul>\n<li>die Arbeits\u00adst\u00e4t\u00adten\u00adver\u00adord\u00adnung (ArbSt\u00e4ttV),<\/li>\n<li>das Arbeits\u00adschutz\u00adge\u00adsetz (ArbSchG),<\/li>\n<li>das Arbeits\u00adsi\u00adcher\u00adheits\u00adge\u00adsetz (ASiG),<\/li>\n<li>das <a href=\"https:\/\/www.advocard.de\/streitlotse\/arbeit-und-karriere\/hoechstarbeitszeit-wie-viele-stunden-erlaubt-das-arbeitszeitgesetz\/\">Arbeits\u00adzeit\u00adge\u00adsetz<\/a> (ArbZG),<\/li>\n<li>das All\u00adge\u00admei\u00adne Gleich\u00adbe\u00adhand\u00adlungs\u00adge\u00adsetz (AGG),<\/li>\n<li>Rege\u00adlun\u00adgen der Berufsgenossenschaften.<\/li>\n<\/ul>\n\n<\/div>\n\n\n\n<h2 class=\"wp-block-heading\">Beispiele: So m\u00fcssen Arbeit\u00adge\u00adber die F\u00fcr\u00adsor\u00adge\u00adpflicht umsetzen<\/h2>\n\n\n\n<p>Arbeitgeber m\u00fcssen daf\u00fcr sorgen, dass die <strong>Arbeitsr\u00e4ume m\u00f6glichst geringe Gef\u00e4hrdungen bieten, <\/strong>und je nach T\u00e4tigkeitsfeld bei Bedarf <a href=\"https:\/\/www.advocard.de\/streitlotse\/arbeit-und-karriere\/arbeitsschutzkleidung-und-dresscode-im-buero-diese-regeln-gelten\/\">Schutzkleidung<\/a> oder ben\u00f6tigte Werkzeuge bereitstellen. Auch der Schutz vor \u00fcberhitzten oder sehr kalten Arbeitsr\u00e4umen und eine gute Bel\u00fcftung geh\u00f6ren dazu. Arbeitgeber sind zudem verpflichtet, auf die individuellen Bed\u00fcrfnisse und Interessen ihrer Angestellten einzugehen.<\/p>\n\n\n<div class=\"wp-block-image\">\n<figure class=\"alignright size-full\"><a href=\"https:\/\/www.advocard.de\/info\/arbeit\/\" target=\"_blank\" rel=\"noreferrer noopener\"><img loading=\"lazy\" decoding=\"async\" width=\"300\" height=\"190\" src=\"https:\/\/www.advocard.de\/streitlotse\/wp-content\/uploads\/2020\/10\/201019_Advocard_Teaser_Arbeit.jpg\" alt=\"Alle Informationen zur Arbeitsrechtsschutz von ADVOCARD\" class=\"wp-image-21290\"><\/a><\/figure><\/div>\n\n\n<p>Im Rahmen der Auskunftspflicht <strong>muss der Arbeitgeber auf eventuelle Gef\u00e4hrdungen hinweisen<\/strong> und sonstige relevante Informationen geben, die f\u00fcr die Angestellten im Zusammenhang mit ihrer Arbeit wichtig sind. Dies betrifft etwa den Umgang mit schweren Maschinen, gef\u00e4hrlichen Substanzen oder auch das Verhalten bei einem Sicherheitsvorfall oder Brand.<\/p>\n\n\n\n<p>Die F\u00fcrsorgepflicht greift auch dann, <strong>wenn Arbeitnehmer an bestimmten <\/strong><a href=\"https:\/\/www.advocard.de\/streitlotse\/arbeit-und-karriere\/krankschreibung-was-burnout-patienten-wissen-sollten\/\"><strong>Krankheiten<\/strong><\/a><strong> leiden,<\/strong> die beispielsweise psychischer oder chronischer Natur sind, und sie aus diesem Grund bestimmte T\u00e4tigkeiten gem\u00e4\u00df \u00e4rztlichem <a href=\"https:\/\/www.advocard.de\/streitlotse\/arbeit-und-karriere\/ist-das-arbeiten-trotz-krankschreibung-erlaubt\/\">Attest<\/a> nicht aus\u00fcben k\u00f6nnen oder <a href=\"https:\/\/www.advocard.de\/streitlotse\/arbeit-und-karriere\/kuendigung-wegen-krankheit-erlaubt-oder-nicht\/\">l\u00e4nger krankgeschrieben<\/a> sind. Arbeitgeber m\u00fcssen auf gesundheitliche Einschr\u00e4nkungen R\u00fccksicht nehmen und darauf reagieren. Beispielweise<\/p>\n\n\n\n<ul>\n<li>d\u00fcrfen Arbeit\u00adge\u00adber erkrankte Personen nicht dazu auf\u00adfor\u00addern, trotzdem zu arbeiten oder die T\u00e4tig\u00adkei\u00adten aus\u00adzu\u00adf\u00fch\u00adren, die ihnen k\u00f6r\u00adper\u00adlich nicht m\u00f6glich sind.<\/li>\n\n\n\n<li>m\u00fcssen Arbeit\u00adge\u00adber daf\u00fcr Sorge tragen, dass Arbeits\u00adpl\u00e4t\u00adze so gestaltet sind, dass Mit\u00adar\u00adbei\u00adten\u00adde mit k\u00f6r\u00adper\u00adli\u00adchen Ein\u00adschr\u00e4n\u00adkun\u00adgen gut arbeiten k\u00f6nnen (ergo\u00adno\u00admi\u00adsche B\u00fcrom\u00f6bel, Bar\u00adrie\u00adre\u00adfrei\u00adheit u.&nbsp;w.)<\/li>\n<\/ul>\n\n\n\n<p>Auch f\u00fcr <strong>bestimmte Personengruppen ist eine erh\u00f6hte F\u00fcrsorgepflicht erforderlich. <\/strong>Etwa f\u00fcr \u00e4ltere Mitarbeitende oder f\u00fcr Schwangere im Rahmen des&nbsp;<a href=\"https:\/\/www.advocard.de\/streitlotse\/arbeit-und-karriere\/arbeitsvertrag\/mutterschutz-nach-der-geburt-so-lange-dauert-er\/\">Mutterschutzes.<\/a> Durch die F\u00fcrsorgepflicht des Arbeitgebers sollen zudem beispielsweise schwerbehinderte Personen vor Vorf\u00e4llen wie <a href=\"https:\/\/www.advocard.de\/streitlotse\/arbeit-und-karriere\/mobbing-am-arbeitsplatz-das-koennen-sie-tun\/\">Mobbing<\/a> oder <a href=\"https:\/\/www.advocard.de\/streitlotse\/arbeit-und-karriere\/arbeitsvertrag\/diskriminierung-am-arbeitsplatz-das-koennen-sie-tun\/\">Diskriminierung am Arbeitsplatz<\/a> gesch\u00fctzt werden. Zu den Schutzpflichten geh\u00f6rt dar\u00fcber hinaus die Sorgfalt im Umgang mit den <a href=\"https:\/\/www.advocard.de\/streitlotse\/internet-und-konsum\/datenschutz\/personenbezogene-daten-regeln-und-rechte-gemaess-dsgvo\/\">personenbezogenen Daten<\/a> der Arbeitnehmer.<\/p>\n\n\n\n<p>\u00dcbrigens: Die Regelungen zur F\u00fcrsorgepflicht gem\u00e4\u00df ArbSchG gelten auch f\u00fcr Besch\u00e4ftigte, die im <a href=\"https:\/\/www.advocard.de\/streitlotse\/arbeit-und-karriere\/recht-auf-homeoffice-diese-ansprueche-haben-arbeitnehmer\/\">Homeoffice<\/a> arbeiten.<\/p>\n\n\n\n<figure class=\"wp-block-image size-large\"><img loading=\"lazy\" decoding=\"async\" width=\"1024\" height=\"472\" src=\"https:\/\/www.advocard.de\/streitlotse\/wp-content\/uploads\/2024\/11\/Streitlotse-Fuersorgepflicht-Arbeitgeber-Dejan-Marjanovic-1024x472.jpg\" alt class=\"wp-image-25546\" srcset=\"https:\/\/www.advocard.de\/streitlotse\/wp-content\/uploads\/2024\/11\/Streitlotse-Fuersorgepflicht-Arbeitgeber-Dejan-Marjanovic-1024x472.jpg 1024w, https:\/\/www.advocard.de\/streitlotse\/wp-content\/uploads\/2024\/11\/Streitlotse-Fuersorgepflicht-Arbeitgeber-Dejan-Marjanovic-300x138.jpg 300w, https:\/\/www.advocard.de\/streitlotse\/wp-content\/uploads\/2024\/11\/Streitlotse-Fuersorgepflicht-Arbeitgeber-Dejan-Marjanovic-768x354.jpg 768w, https:\/\/www.advocard.de\/streitlotse\/wp-content\/uploads\/2024\/11\/Streitlotse-Fuersorgepflicht-Arbeitgeber-Dejan-Marjanovic.jpg 1140w\" sizes=\"(max-width: 1024px) 100vw, 1024px\"><figcaption class=\"wp-element-caption\">\u00a9 iStock.com\/Dejan Marjanovic<\/figcaption><\/figure>\n\n\n\n<h2 class=\"wp-block-heading\">Arbeit\u00adge\u00adber verletzt die F\u00fcr\u00adsor\u00adge\u00adpflicht: Was passiert dann?<\/h2>\n\n\n\n<p>Sorgt ein Arbeitgeber nicht mit geeigneten Ma\u00dfnahmen daf\u00fcr, dass seine Besch\u00e4ftigten k\u00f6rperlich und psychisch unversehrt bleiben, kann das rechtliche Konsequenzen nach sich ziehen. Etwa, wenn Angestellte verletzt werden, weil ihr Arbeitgeber seine F\u00fcrsorgepflicht missachtet hat. Arbeitnehmer haben einen Erf\u00fcllungs- beziehungsweise Unterlassungsanspruch.<\/p>\n\n\n\n<p>Sie haben daher <strong>das Recht, gegen die Vernachl\u00e4ssigung vorzugehen. <\/strong>Etwa<\/p>\n\n\n\n<ul>\n<li>durch Zur\u00fcck\u00adhal\u00adtung ihrer Arbeitsleistung,<\/li>\n\n\n\n<li>mittels einer Klage, den ord\u00adnungs\u00adge\u00adm\u00e4\u00ad\u00dfen Zustand am Arbeits\u00adplatz wie\u00adder\u00adher\u00adstel\u00adlen zu lassen,<\/li>\n\n\n\n<li>durch eine Anzeige des Vorfalls bei der zust\u00e4n\u00addi\u00adgen Aufsichtsbeh\u00f6rde.<\/li>\n<\/ul>\n\n\n\n<p>Unter bestimmten Umst\u00e4nden, kann auch eine <strong>K\u00fcndigung seitens des Arbeitnehmers rechtens<\/strong> sein \u2013 je nach Schwere des Vorfalls sogar <a href=\"https:\/\/www.advocard.de\/streitlotse\/arbeit-und-karriere\/fristlose-kuendigung-diese-gruende-berechtigen\/\">fristlos<\/a> \u2013 etwa, wenn sich ein Unfall ereignet hat, bei dem der Person ein Schaden zugef\u00fcgt wurde. Dann besteht ebenfalls ein Anspruch auf Schadenersatz oder sogar Schmerzensgeld gegen\u00fcber dem Arbeitgeber.<\/p>\n\n\n\n<p>Doch nicht immer muss ein solcher Vorfall gleich in einer Klage enden. Es empfiehlt sich, zuerst das Gespr\u00e4ch mit dem Arbeitgeber zu suchen und ihn <strong>auf die Missst\u00e4nde ordnungsgem\u00e4\u00df hinzuweisen.<\/strong> Kommt es dennoch zum Streit zwischen beiden Parteien, kann eine <a href=\"https:\/\/www.advocard.de\/info\/mediation\/\">Mediation<\/a> sinnvoll sein, bevor rechtliche Schritte ergriffen werden.<\/p>\n\n\n\n<div class=\"multicolumn-container\">\n<div class=\"multicolumn-col\">\n<h2>FAQ<\/h2>\n<p>\n<\/p><ul>\n<li><b>Was f\u00e4llt unter die F\u00fcr\u00adsor\u00adge\u00adpflicht des Arbeitgebers?<\/b><\/li>\n<\/ul>\n\n<p>\nIm Rahmen der F\u00fcrsorgepflicht sind Arbeitgeber dazu verpflichtet, die Gesundheit, Sicherheit und Pers\u00f6nlichkeitsrechte ihrer Mitarbeitenden am Arbeitsplatz zu sch\u00fctzen.\n<\/p>\n<p>\n<\/p><ul>\n<li><b>Wann verletzt der Arbeit\u00adge\u00adber seine F\u00fcrsorgepflicht?<\/b><\/li>\n<\/ul>\n\n<p>\nSetzt der Arbeitgeber die notwendigen Ma\u00dfnahmen zum Schutz der Gesundheit, Sicherheit und Pers\u00f6nlichkeitsrechte seiner Besch\u00e4ftigten nicht um oder missachtet diese, verletzt er die F\u00fcrsorgepflicht.\n<\/p>\n<p>\n<\/p><ul>\n<li><b>Wo ist die F\u00fcr\u00adsor\u00adge\u00adpflicht des Arbeit\u00adge\u00adbers geregelt?<\/b><\/li>\n<\/ul>\n\n<p>\nDie F\u00fcrsorgepflicht des Arbeitgebers ist in \u00a7\u00a7 617 bis 619 B\u00fcrgerliches Gesetzbuch (BGB) geregelt. Weitere gesetzliche Vorschiften zur F\u00fcrsorgepflicht enthalten unter anderem das Arbeitsschutzgesetz (ArbSchG), das Arbeitssicherheitsgesetz (ASiG) oder das Arbeitszeitgesetz (ArbZG).\n<\/p>\n<\/div>\n<\/div>\n","protected":false},"excerpt":{"rendered":"<p>Die F\u00fcrsorgepflicht des Arbeitgebers ergibt sich automatisch aus dem Arbeitsverh\u00e4ltnis. Arbeitgeber sind somit&nbsp;per Gesetz verpflichtet, sich in einem bestimmten Rahmen um das Wohlergehen ihrer Angestellten zu k\u00fcmmern. Hier liest du, welche Bereiche das umfasst und was passiert, wenn der Arbeitgeber die F\u00fcrsorgepflicht verletzt. Du f\u00fchlst dich im Beruf ungerecht behandelt? Ein Berufs-Rechtsschutz hilft weiter. &gt;&gt; [\u2026]<\/p>\n","protected":false},"author":1,"featured_media":0,"comment_status":"closed","ping_status":"closed","sticky":false,"template":"","format":"standard","meta":{"_acf_changed":false,"wp_typography_post_enhancements_disabled":false,"footnotes":""},"categories":[3,13],"tags":[139,165,166,410,517,518,503],"acf":[],"_links":{"self":[{"href":"https:\/\/www.advocard.de\/streitlotse\/wp-json\/wp\/v2\/posts\/12355"}],"collection":[{"href":"https:\/\/www.advocard.de\/streitlotse\/wp-json\/wp\/v2\/posts"}],"about":[{"href":"https:\/\/www.advocard.de\/streitlotse\/wp-json\/wp\/v2\/types\/post"}],"author":[{"embeddable":true,"href":"https:\/\/www.advocard.de\/streitlotse\/wp-json\/wp\/v2\/users\/1"}],"replies":[{"embeddable":true,"href":"https:\/\/www.advocard.de\/streitlotse\/wp-json\/wp\/v2\/comments?post=12355"}],"version-history":[{"count":9,"href":"https:\/\/www.advocard.de\/streitlotse\/wp-json\/wp\/v2\/posts\/12355\/revisions"}],"predecessor-version":[{"id":25555,"href":"https:\/\/www.advocard.de\/streitlotse\/wp-json\/wp\/v2\/posts\/12355\/revisions\/25555"}],"wp:attachment":[{"href":"https:\/\/www.advocard.de\/streitlotse\/wp-json\/wp\/v2\/media?parent=12355"}],"wp:term":[{"taxonomy":"category","embeddable":true,"href":"https:\/\/www.advocard.de\/streitlotse\/wp-json\/wp\/v2\/categories?post=12355"},{"taxonomy":"post_tag","embeddable":true,"href":"https:\/\/www.advocard.de\/streitlotse\/wp-json\/wp\/v2\/tags?post=12355"}],"curies":[{"name":"wp","href":"https:\/\/api.w.org\/{rel}","templated":true}]}}