{"id":12185,"date":"2016-10-12T09:56:01","date_gmt":"2016-10-12T08:56:01","guid":{"rendered":"https:\/\/www.advocard.de\/streitlotse\/urlaub-und-reisen\/tagfahrlicht-und-lichtpflicht-darauf-muessen-sie-achten\/"},"modified":"2016-11-14T15:02:24","modified_gmt":"2016-11-14T14:02:24","slug":"tagfahrlicht-und-lichtpflicht-darauf-muessen-sie-achten","status":"publish","type":"post","link":"https:\/\/www.advocard.de\/streitlotse\/urlaub-und-reisen\/tagfahrlicht-und-lichtpflicht-darauf-muessen-sie-achten\/","title":{"rendered":"Tag\u00adfahr\u00adlicht und Licht\u00adpflicht: Darauf m\u00fcssen Sie achten"},"content":{"rendered":"<p>Mit Licht werden Autos auch tags\u00fcber&nbsp;besser gesehen. Das&nbsp;Tagfahrlicht kann helfen, das Fahrzeug zu beleuchten und f\u00fcr <a title=\"ADVOCARD Rechtsschutzversicherung: sinnvoll und hilfreich!\" href=\"https:\/\/www.advocard.de\/info\/\" target=\"_blank\">mehr Sicherheit<\/a> zu sorgen, ohne am Tag das Abblendlicht einschalten zu m\u00fcssen \u2013 zumindest in Deutschland, denn in anderen europ\u00e4ischen L\u00e4ndern gelten teils abweichende Regelungen. Lesen Sie, was Sie bei Verwendung des Tagfahrlichts beachten sollten und wo grunds\u00e4tzlich tags\u00fcber Lichtpflicht beim Fahren herrscht.<\/p>\n<p><a title=\"Verkehrs-Rechtsschutz\" href=\"https:\/\/www.advocard.de\/verkehrsrechtsschutz\/\" target=\"_blank\">Tag und Nacht sicher unterwegs \u2013 mit einem Verkehrs-Rechtsschutz. &gt;&gt;<\/a><\/p>\n<h2>Tag\u00adfahr\u00adlicht und Abblend\u00adlicht: Was ist der Unterschied?<\/h2>\n<p>Gem\u00e4\u00df einer EU-Richtlinie (2008\/89\/EG) m\u00fcssen seit Februar 2011 alle Fahrzeugtypen, die neu auf den Markt kommen,&nbsp;mit speziellem Tagfahrlicht ausger\u00fcstet sein. Dieses ist nicht mit dem normalen Abblendlicht zu verwechseln: Es handelt sich um eine zus\u00e4tzliche Beleuchtungsm\u00f6glichkeit, die&nbsp;nur am Tag und bei guten Sichtverh\u00e4ltnissen verwendet werden darf, sofern keine andere Beleuchtung vorgeschrieben ist. Tagfahrleuchten sind im Vergleich zum Abblendlicht relativ&nbsp;verbrauchsarm und langlebig. Sie beleuchten nicht die Umgebung, sorgen aber daf\u00fcr, dass das Fahrzeug selbst besser gesehen wird.<\/p>\n<h2>Tag\u00adfahr\u00adlicht: Das m\u00fcssen Auto\u00adfah\u00adrer beachten<\/h2>\n<p>Als Autobesitzer sind Sie nicht verpflichtet, das f\u00fcr neue Fahrzeugtypen verpflichtende Tagfahrlicht an <a title=\"Verkehrs-Rechtsschutz f\u00fcr bestimmte Fahrzeuge\" href=\"https:\/\/www.advocard.de\/rechtsschutz-lexikon\/f\/fahrzeug-rechtsschutz-verkehrs-rechtsschutz-fuer-bestimmte-fahrzeuge\/\" target=\"_blank\">Ihrem Fahrzeug<\/a> nachr\u00fcsten zu lassen, k\u00f6nnen dies jedoch freiwillig tun. Beachten Sie dabei: Sie d\u00fcrfen das Tagfahrlicht nicht gleichzeitig mit dem Abblendlicht verwenden.<\/p>\n<p>Gem\u00e4\u00df \u00a7 17 Stra\u00dfenverkehrsordnung (StVO) m\u00fcssen Autofahrer in Deutschland nur bei D\u00e4mmerung und in der Dunkelheit mit Licht fahren, beziehungsweise wenn es die Sichtverh\u00e4ltnisse erfordern. Das kann zum Beispiel bei Regen oder Schneefall gelten. Es wird<a title=\"Verkehrsrechtsschutzversicherung\" href=\"https:\/\/www.advocard.de\/info\/verkehr\/\" target=\"_blank\"> im Interesse der Sicherheit <\/a>lediglich&nbsp;empfohlen, auch tags\u00fcber immer Abblendlicht oder Tagfahrlicht zu verwenden. Motorradfahrer m\u00fcssen hingegen auch am Tag mit Licht fahren.<\/p>\n<h2>Licht\u00adpflicht: In diesen L\u00e4ndern gilt&nbsp;sie<\/h2>\n<p>W\u00e4hrend Sie in Deutschland nicht automatisch ein Bu\u00dfgeld riskieren, wenn Sie tags\u00fcber ohne Licht Auto fahren, gilt in den meisten <a title=\"Warnwestenpflicht in \u00d6sterreich und anderen EU-L\u00e4ndern\" href=\"https:\/\/www.advocard.de\/streitlotse\/urlaub-und-reisen\/warnwestenpflicht-in-oesterreich-und-anderen-eu-laendern\/\" target=\"_blank\">anderen europ\u00e4ischen L\u00e4ndern <\/a>eine durchgehende Lichtpflicht beim Autofahren.&nbsp;So d\u00fcrfen Sie beispielsweise in D\u00e4nemark, Schweden, Norwegen, Finnland, Polen, der Schweiz, Tschechien und 11 weiteren europ\u00e4ischen Staaten&nbsp;auf allen Stra\u00dfen auch tags\u00fcber nur mit Licht fahren. In <a title=\"Verkehrsregeln in Italien\" href=\"https:\/\/www.advocard.de\/streitlotse\/urlaub-und-reisen\/verkehrsregeln-in-italien-hoechstgeschwindigkeit-fahrstil-und-co\/\" target=\"_blank\">Italien<\/a>, Russland und Rum\u00e4nien gilt die Lichtpflicht auf Autobahnen und au\u00dferorts. Bei Verst\u00f6\u00dfen droht jeweils ein Bu\u00dfgeld. In Kroatien und Moldawien herrscht nur in den Wintermonaten tags\u00fcber Lichtpflicht.<\/p>\n<p><a href=\"https:\/\/www.advocard.de\/info\/verkehr\/\"><img loading=\"lazy\" decoding=\"async\" class=\"alignleft wp-image-9267 size-full\" src=\"https:\/\/www.advocard.de\/streitlotse\/wp-content\/uploads\/2015\/12\/Vererben_Vorsorgen_A.png\" alt=\"Rechtsschutz\" width=\"313\" height=\"198\" srcset=\"https:\/\/www.advocard.de\/streitlotse\/wp-content\/uploads\/2015\/12\/Vererben_Vorsorgen_A.png 313w, https:\/\/www.advocard.de\/streitlotse\/wp-content\/uploads\/2015\/12\/Vererben_Vorsorgen_A-300x190.png 300w\" sizes=\"(max-width: 313px) 100vw, 313px\"><\/a>In <a title=\"Verkehrsregeln in \u00d6sterreich\" href=\"https:\/\/www.advocard.de\/streitlotse\/urlaub-und-reisen\/verkehrsregeln-in-oesterreich-was-ist-anders-im-nachbarland\/\" target=\"_blank\">\u00d6sterreich<\/a> galt von 2005 bis 2007 eine Lichtpflicht am Tag, diese wurde jedoch wieder aufgehoben. In <a title=\"Verkehrsregeln in Frankreich\" href=\"https:\/\/www.advocard.de\/streitlotse\/urlaub-und-reisen\/verkehrsregeln-in-frankreich-sicher-durch-den-urlaub-mit-dem-auto\/\" target=\"_blank\">Frankreich<\/a> gilt ebenfalls tags\u00fcber keine Lichtpflicht, aber es wird wie in Deutschland empfohlen, das Licht immer einzuschalten.<\/p>\n<p>In Schweden, der Schweiz und Italien k\u00f6nnen Sie nach Angaben des ADAC tags\u00fcber das Tagfahrlicht als Alternative zum Abblendlicht verwenden. In allen anderen L\u00e4ndern mit Lichtpflicht&nbsp;sollten Sie&nbsp;jedoch laut dem Automobilclub <a title=\"Der 360\u00b0-Rechtsschutz von ADVOCARD\" href=\"https:\/\/www.advocard.de\/360-grad\/\" target=\"_blank\">sicherheitshalber <\/a>das Abblendlicht verwenden.<\/p>\n","protected":false},"excerpt":{"rendered":"<p>Mit Licht werden Autos auch tags\u00fcber&nbsp;besser gesehen. Das&nbsp;Tagfahrlicht kann helfen, das Fahrzeug zu beleuchten und f\u00fcr mehr Sicherheit zu sorgen, ohne am Tag das Abblendlicht einschalten zu m\u00fcssen \u2013 zumindest in Deutschland, denn in anderen europ\u00e4ischen L\u00e4ndern gelten teils abweichende Regelungen. Lesen Sie, was Sie bei Verwendung des Tagfahrlichts beachten sollten und wo grunds\u00e4tzlich tags\u00fcber [\u2026]<\/p>\n","protected":false},"author":1,"featured_media":0,"comment_status":"closed","ping_status":"closed","sticky":false,"template":"","format":"standard","meta":{"_acf_changed":false,"wp_typography_post_enhancements_disabled":false,"footnotes":""},"categories":[6,25],"tags":[],"acf":[],"_links":{"self":[{"href":"https:\/\/www.advocard.de\/streitlotse\/wp-json\/wp\/v2\/posts\/12185"}],"collection":[{"href":"https:\/\/www.advocard.de\/streitlotse\/wp-json\/wp\/v2\/posts"}],"about":[{"href":"https:\/\/www.advocard.de\/streitlotse\/wp-json\/wp\/v2\/types\/post"}],"author":[{"embeddable":true,"href":"https:\/\/www.advocard.de\/streitlotse\/wp-json\/wp\/v2\/users\/1"}],"replies":[{"embeddable":true,"href":"https:\/\/www.advocard.de\/streitlotse\/wp-json\/wp\/v2\/comments?post=12185"}],"version-history":[{"count":3,"href":"https:\/\/www.advocard.de\/streitlotse\/wp-json\/wp\/v2\/posts\/12185\/revisions"}],"predecessor-version":[{"id":12455,"href":"https:\/\/www.advocard.de\/streitlotse\/wp-json\/wp\/v2\/posts\/12185\/revisions\/12455"}],"wp:attachment":[{"href":"https:\/\/www.advocard.de\/streitlotse\/wp-json\/wp\/v2\/media?parent=12185"}],"wp:term":[{"taxonomy":"category","embeddable":true,"href":"https:\/\/www.advocard.de\/streitlotse\/wp-json\/wp\/v2\/categories?post=12185"},{"taxonomy":"post_tag","embeddable":true,"href":"https:\/\/www.advocard.de\/streitlotse\/wp-json\/wp\/v2\/tags?post=12185"}],"curies":[{"name":"wp","href":"https:\/\/api.w.org\/{rel}","templated":true}]}}